{"id":182382,"date":"2019-10-21T14:40:30","date_gmt":"2019-10-21T12:40:30","guid":{"rendered":"http:\/\/fuldaer-nachrichten.de\/?p=182382"},"modified":"2019-10-21T14:40:30","modified_gmt":"2019-10-21T12:40:30","slug":"etwas-gutes-mit-dem-festtag-bewirken-bischof-em-algermissen-bat-um-spenden-fuer-kamerun-anstelle-von-geschenken","status":"publish","type":"post","link":"https:\/\/www.fuldaernachrichten.de\/?p=182382","title":{"rendered":"\u201eEtwas Gutes mit dem Festtag bewirken\u201c \u2013 Bischof em. Algermissen bat um Spenden f\u00fcr Kamerun anstelle von Geschenken"},"content":{"rendered":"<p>Das St.-Thomas-Hospital in Yaound\u00e9 (Kamerun) erh\u00e4lt 3.815 Euro an Spenden, die aus Anlass des Goldenen Priesterjubil\u00e4ums von Bischof em. Heinz Josef Algermissen anstelle von Geschenken eingegangen sind. \u201eIch wollte ein Zeichen setzen, damit mein Festtag auch etwas Gutes f\u00fcr die Menschen in Afrika bewirkt\u201c, so der fr\u00fchere Oberhirte des Bistums Fulda. Den Geldbetrag \u00fcbergab der Bischof an Dr. Marion Fuhrmann, Initatorin des St.-Thomas-Hospitals, symbolisch in Scheckform. Algermissen ist es wichtig zu sehen, dass die Hilfe aus Deutschland konkret vor Ort bei den Menschen ankommt. \u201eWir werden die Spenden zum Kauf eines Ultraschallger\u00e4tes f\u00fcr das Hospital verwenden\u201c, unterstreicht Dr. Fuhrmann. \u201eDas ist eine sinnvolle Hilfe, die dringend zur Behandlung kranker Menschen in Kamerun gebraucht wird.\u201c Die katholische Kirche in Kamerun erlebt Fuhrmann, die regelm\u00e4\u00dfig dorthin reist, als sehr lebendig. Das St.-Thomas-Hospital wurde 2007 mit Hilfe eines deutschen F\u00f6rdervereins errichtet.<!--more--><\/p>\n<p>Der F\u00f6rderverein hei\u00dft seit 2010 \u201eKinderhilfe und St. Thomas-Hospital in Kamerun\u201c. Ziel des Vereins ist die F\u00f6rderung von Bildung und Erziehung, die Unterst\u00fctzung im \u00f6ffentlichen Gesundheitswesen sowie die Unterst\u00fctzung der \u00c4rmsten \u2013 insbesondere der Waisenkinder \u2013 in Kamerun. \u201eWir legen gro\u00dfen Wert darauf, bereits vorhandene lokale Strukturen zu nutzen und einheimische Fachkr\u00e4fte einzubinden\u201c, betont Dr. Fuhrmann. Der Verein ist als gemeinn\u00fctzig anerkannt. Zu seinn T\u00e4tigkeiten z\u00e4hlen Informations- und Vortragsveranstaltungen, das Sammeln von Geld- und Sachspenden sowie Organisation und Versand von Hilfscontainern nach Kamerun. Der Bischof von Ebolowa, Dr. Philipp Alain Mbarga, pflegt seit seiner Studienzeit enge Kontakte zu Fulda. Mbarga war im Jahr 2003 an der Theologischen Fakult\u00e4t zum Dr. theol. promoviert worden.<\/p>\n","protected":false},"excerpt":{"rendered":"<div class=\"tmnf_excerpt\"><p>Das St.-Thomas-Hospital in Yaound\u00e9 (Kamerun) erh\u00e4lt 3.815 Euro an Spenden, die aus Anlass des Goldenen Priesterjubil\u00e4ums von Bischof em. Heinz Josef Algermissen anstelle von Geschenken eingegangen sind. \u201eIch wollte ein Zeichen setzen, damit mein Festtag auch etwas Gutes f\u00fcr die Menschen in Afrika bewirkt\u201c, so der fr\u00fchere Oberhirte des Bistums Fulda. Den Geldbetrag \u00fcbergab der &hellip;<\/p>\n<\/div>","protected":false},"author":1,"featured_media":182383,"comment_status":"closed","ping_status":"closed","sticky":false,"template":"","format":"standard","meta":{"footnotes":""},"categories":[1],"tags":[],"class_list":["post-182382","post","type-post","status-publish","format-standard","has-post-thumbnail","hentry","category-startseite"],"_links":{"self":[{"href":"https:\/\/www.fuldaernachrichten.de\/index.php?rest_route=\/wp\/v2\/posts\/182382","targetHints":{"allow":["GET"]}}],"collection":[{"href":"https:\/\/www.fuldaernachrichten.de\/index.php?rest_route=\/wp\/v2\/posts"}],"about":[{"href":"https:\/\/www.fuldaernachrichten.de\/index.php?rest_route=\/wp\/v2\/types\/post"}],"author":[{"embeddable":true,"href":"https:\/\/www.fuldaernachrichten.de\/index.php?rest_route=\/wp\/v2\/users\/1"}],"replies":[{"embeddable":true,"href":"https:\/\/www.fuldaernachrichten.de\/index.php?rest_route=%2Fwp%2Fv2%2Fcomments&post=182382"}],"version-history":[{"count":1,"href":"https:\/\/www.fuldaernachrichten.de\/index.php?rest_route=\/wp\/v2\/posts\/182382\/revisions"}],"predecessor-version":[{"id":182384,"href":"https:\/\/www.fuldaernachrichten.de\/index.php?rest_route=\/wp\/v2\/posts\/182382\/revisions\/182384"}],"wp:featuredmedia":[{"embeddable":true,"href":"https:\/\/www.fuldaernachrichten.de\/index.php?rest_route=\/wp\/v2\/media\/182383"}],"wp:attachment":[{"href":"https:\/\/www.fuldaernachrichten.de\/index.php?rest_route=%2Fwp%2Fv2%2Fmedia&parent=182382"}],"wp:term":[{"taxonomy":"category","embeddable":true,"href":"https:\/\/www.fuldaernachrichten.de\/index.php?rest_route=%2Fwp%2Fv2%2Fcategories&post=182382"},{"taxonomy":"post_tag","embeddable":true,"href":"https:\/\/www.fuldaernachrichten.de\/index.php?rest_route=%2Fwp%2Fv2%2Ftags&post=182382"}],"curies":[{"name":"wp","href":"https:\/\/api.w.org\/{rel}","templated":true}]}}