{"id":182342,"date":"2019-10-18T19:51:39","date_gmt":"2019-10-18T17:51:39","guid":{"rendered":"http:\/\/fuldaer-nachrichten.de\/?p=182342"},"modified":"2019-10-18T19:52:06","modified_gmt":"2019-10-18T17:52:06","slug":"ensembleangebot-der-musikschule","status":"publish","type":"post","link":"https:\/\/www.fuldaernachrichten.de\/?p=182342","title":{"rendered":"Ensembleangebot der Musikschule"},"content":{"rendered":"<p>Neben Vokal- und Instrumentalunterricht geh\u00f6ren Ensemblef\u00e4cher zum verbindlichen Angebot der Musikschule der Stadt Fulda. Das kreative Zusammenspiel kann genauso erlernt und ge\u00fcbt werden wie das Instrumentalspiel und Singen selbst; dabei r\u00fccken kommunikative und soziale Aspekte in den Vordergrund. In einem schl\u00fcssigen Gesamtkonzept pr\u00e4sentiert die Musikschule Fulda ihr Ensembleangebot: es reicht vom ersten Zusammen-spiel bis zum ausgewachsenen Ensemble, wobei verschiedene Stilrichtungen vertreten sind.<!--more--><\/p>\n<p>Damit das Ensembleangebot f\u00fcr alle B\u00fcrgerinnen und B\u00fcrger der Stadt zug\u00e4nglich bleibt, sind die Ensembles der Musikschule, die von der Schulleitung eingerichtet worden sind, f\u00fcr alle Interessierten (auch f\u00fcr diejenigen, die keinen Unterricht bei der Musikschule Fulda belegen), kostenfrei. Die zu erbringende \u201eGegenleistung\u201c w\u00e4ren unersch\u00f6pfliche Probe- und Auftrittsbereitschaft. <\/p>\n<p>Fl\u00f6tenensembles \u201eTop the Flute\u201c f\u00fcr Erwachsene und \u201eEuterpes T\u00f6chter\u201c f\u00fcr Sch\u00fcler von 8 \u2013 12 Jahren freuen sich \u00fcber die neuen Mitspielen-den. Dabei werden 3 &#8211; 4-stimmige St\u00fccke f\u00fcr Querfl\u00f6te, quer durch alle Stile, Originalliteratur und Arrangements bekannter St\u00fccke, Klassik und U-Musik gespielt.<\/p>\n<p>\u201eSinfonietta Fulda\u201c sucht orchesterbegeisterte Musiker, insbesondere Streicher, Klarinette und Waldhorn, zum gemeinsamen Musizieren; die Proben finden dienstags um 19:00 Uhr statt.<\/p>\n<p>Melodien aus Irland und der Bretagne, aus Osteuropa sowie Klezmermusik werden von \u201eKlezmix\u201c stilgerecht gespielt; Improvisieren und Spielen von Begleitstimmen werden erlernt. Alle erwachsenen Musiker, die sich f\u00fcr Weltmusik interessieren und Spa\u00df an Konzertauftritten haben, sind eingeladen reinzuschnuppern. <\/p>\n<p>Das Gitarrenensemble f\u00fcr Jugendliche und Erwachsene &#8220;Saitensprung&#8221; probt alle zwei Wochen donnerstags um 18:30 Uhr; Musikst\u00fccke in verschiedenen Stilrichtungen (leicht bis mittelschwer) werden f\u00fcr zahlreiche Auftrittsm\u00f6glichkeiten in der Musikschule und im Gro\u00dfraum Fulda einstudiert. <\/p>\n<p>&#8220;Big&#8217;n Jazz&#8221;, die Bigband der Musikschule Fulda f\u00fcr Fortgeschrittene, sucht Verst\u00e4rkung, vor allem aber f\u00fcr Gitarre. Nicht nur Swing, sondern auch Pop, Funk und Latin stehen im Programm. Proben: jeden Dienstag um 19:30 Uhr.<br \/>\nGemeinsames Musizieren macht mehr Spa\u00df! Alle Interessierten sind herzlich eingeladen, den Proben beizuwohnen. Weitere Informationen unter Telefon: (0661) 102-1412 oder <a href=\"http:\/\/www.musik-fulda.de\" rel=\"noopener noreferrer\" target=\"_blank\">www.musik-fulda.de<\/a>.<\/p>\n","protected":false},"excerpt":{"rendered":"<div class=\"tmnf_excerpt\"><p>Neben Vokal- und Instrumentalunterricht geh\u00f6ren Ensemblef\u00e4cher zum verbindlichen Angebot der Musikschule der Stadt Fulda. Das kreative Zusammenspiel kann genauso erlernt und ge\u00fcbt werden wie das Instrumentalspiel und Singen selbst; dabei r\u00fccken kommunikative und soziale Aspekte in den Vordergrund. In einem schl\u00fcssigen Gesamtkonzept pr\u00e4sentiert die Musikschule Fulda ihr Ensembleangebot: es reicht vom ersten Zusammen-spiel bis zum &hellip;<\/p>\n<\/div>","protected":false},"author":1,"featured_media":182343,"comment_status":"closed","ping_status":"closed","sticky":false,"template":"","format":"standard","meta":{"footnotes":""},"categories":[1],"tags":[],"class_list":["post-182342","post","type-post","status-publish","format-standard","has-post-thumbnail","hentry","category-startseite"],"_links":{"self":[{"href":"https:\/\/www.fuldaernachrichten.de\/index.php?rest_route=\/wp\/v2\/posts\/182342","targetHints":{"allow":["GET"]}}],"collection":[{"href":"https:\/\/www.fuldaernachrichten.de\/index.php?rest_route=\/wp\/v2\/posts"}],"about":[{"href":"https:\/\/www.fuldaernachrichten.de\/index.php?rest_route=\/wp\/v2\/types\/post"}],"author":[{"embeddable":true,"href":"https:\/\/www.fuldaernachrichten.de\/index.php?rest_route=\/wp\/v2\/users\/1"}],"replies":[{"embeddable":true,"href":"https:\/\/www.fuldaernachrichten.de\/index.php?rest_route=%2Fwp%2Fv2%2Fcomments&post=182342"}],"version-history":[{"count":2,"href":"https:\/\/www.fuldaernachrichten.de\/index.php?rest_route=\/wp\/v2\/posts\/182342\/revisions"}],"predecessor-version":[{"id":182345,"href":"https:\/\/www.fuldaernachrichten.de\/index.php?rest_route=\/wp\/v2\/posts\/182342\/revisions\/182345"}],"wp:featuredmedia":[{"embeddable":true,"href":"https:\/\/www.fuldaernachrichten.de\/index.php?rest_route=\/wp\/v2\/media\/182343"}],"wp:attachment":[{"href":"https:\/\/www.fuldaernachrichten.de\/index.php?rest_route=%2Fwp%2Fv2%2Fmedia&parent=182342"}],"wp:term":[{"taxonomy":"category","embeddable":true,"href":"https:\/\/www.fuldaernachrichten.de\/index.php?rest_route=%2Fwp%2Fv2%2Fcategories&post=182342"},{"taxonomy":"post_tag","embeddable":true,"href":"https:\/\/www.fuldaernachrichten.de\/index.php?rest_route=%2Fwp%2Fv2%2Ftags&post=182342"}],"curies":[{"name":"wp","href":"https:\/\/api.w.org\/{rel}","templated":true}]}}