{"id":182336,"date":"2019-10-18T19:47:04","date_gmt":"2019-10-18T17:47:04","guid":{"rendered":"http:\/\/fuldaer-nachrichten.de\/?p=182336"},"modified":"2019-10-18T19:47:04","modified_gmt":"2019-10-18T17:47:04","slug":"neue-edv-kurse-bei-der-staedtischen-vhs","status":"publish","type":"post","link":"https:\/\/www.fuldaernachrichten.de\/?p=182336","title":{"rendered":"Neue EDV-Kurse bei der St\u00e4dtischen VHS"},"content":{"rendered":"<p>Mehrere Kurse starten bei der St\u00e4dtischen VHS Im Bereich EDV ab n\u00e4chster Woche. So beginnt am Montag, den 21. Oktober 2019, um 17.30 Uhr ein Kompaktkurs zu Outlook 2016 und am Donnerstag, den 24. Oktober 2019, 9.00 Uhr, k\u00f6nnen Interessenten  die Veranstaltung &#8220;Ihr Smartphone &#8211; Schritt f\u00fcr Schritt &#8211; belegen. Am Freitag geht es weiter mit &#8221; Ihr Android-Tablet: Schritt f\u00fcr Schritt&#8221;. Die Veranstaltung beginnt ebenfalls um 9.00 Uhr. Weitere Informationen gibt es beim Vhs-B\u00fcro unter der Rufnummer 0661 102 1477.<\/p>\n","protected":false},"excerpt":{"rendered":"<div class=\"tmnf_excerpt\"><p>Mehrere Kurse starten bei der St\u00e4dtischen VHS Im Bereich EDV ab n\u00e4chster Woche. So beginnt am Montag, den 21. Oktober 2019, um 17.30 Uhr ein Kompaktkurs zu Outlook 2016 und am Donnerstag, den 24. Oktober 2019, 9.00 Uhr, k\u00f6nnen Interessenten die Veranstaltung &#8220;Ihr Smartphone &#8211; Schritt f\u00fcr Schritt &#8211; belegen. Am Freitag geht es weiter &hellip;<\/p>\n<\/div>","protected":false},"author":1,"featured_media":0,"comment_status":"closed","ping_status":"closed","sticky":false,"template":"","format":"standard","meta":{"footnotes":""},"categories":[1],"tags":[],"class_list":["post-182336","post","type-post","status-publish","format-standard","hentry","category-startseite"],"_links":{"self":[{"href":"https:\/\/www.fuldaernachrichten.de\/index.php?rest_route=\/wp\/v2\/posts\/182336","targetHints":{"allow":["GET"]}}],"collection":[{"href":"https:\/\/www.fuldaernachrichten.de\/index.php?rest_route=\/wp\/v2\/posts"}],"about":[{"href":"https:\/\/www.fuldaernachrichten.de\/index.php?rest_route=\/wp\/v2\/types\/post"}],"author":[{"embeddable":true,"href":"https:\/\/www.fuldaernachrichten.de\/index.php?rest_route=\/wp\/v2\/users\/1"}],"replies":[{"embeddable":true,"href":"https:\/\/www.fuldaernachrichten.de\/index.php?rest_route=%2Fwp%2Fv2%2Fcomments&post=182336"}],"version-history":[{"count":1,"href":"https:\/\/www.fuldaernachrichten.de\/index.php?rest_route=\/wp\/v2\/posts\/182336\/revisions"}],"predecessor-version":[{"id":182337,"href":"https:\/\/www.fuldaernachrichten.de\/index.php?rest_route=\/wp\/v2\/posts\/182336\/revisions\/182337"}],"wp:attachment":[{"href":"https:\/\/www.fuldaernachrichten.de\/index.php?rest_route=%2Fwp%2Fv2%2Fmedia&parent=182336"}],"wp:term":[{"taxonomy":"category","embeddable":true,"href":"https:\/\/www.fuldaernachrichten.de\/index.php?rest_route=%2Fwp%2Fv2%2Fcategories&post=182336"},{"taxonomy":"post_tag","embeddable":true,"href":"https:\/\/www.fuldaernachrichten.de\/index.php?rest_route=%2Fwp%2Fv2%2Ftags&post=182336"}],"curies":[{"name":"wp","href":"https:\/\/api.w.org\/{rel}","templated":true}]}}