{"id":181945,"date":"2019-10-07T21:43:24","date_gmt":"2019-10-07T19:43:24","guid":{"rendered":"http:\/\/fuldaer-nachrichten.de\/?p=181945"},"modified":"2019-10-07T21:43:24","modified_gmt":"2019-10-07T19:43:24","slug":"neuezeit-die-echtsaisonmodenschau-mit-premieren","status":"publish","type":"post","link":"https:\/\/www.fuldaernachrichten.de\/?p=181945","title":{"rendered":"NEU(E)ZEIT \u2013 die \u201eechtsaisonmodenschau\u201c mit Premieren"},"content":{"rendered":"<p><strong>geschwisterGALFE pr\u00e4sentieren nachhaltige Mode \u2013 Stargast Designerin des Jahres 2017 Anja Gockel<br \/>\n<\/strong><br \/>\nEr scheint ein wenig pausiert zu haben, Frank Galfe, der sich gerne als \u201eTuchdealer\u201c bezeichnet und Alsfeld und die weitere Region allj\u00e4hrlich mit viel beachteten, gro\u00dfen Modeschauen begl\u00fcckt. Nun hatte er eine sch\u00f6pferische Auszeit eingelegt und tritt mit vielen modischen Neuheiten am 12.10. wieder mit einer gro\u00dfen Fashion Show im Alsfelder G\u00fcterbahnhof vor das modeinteressierte Publikum. Die letzten Monate haben er und seine Schwester, die Designerin Juliane Galfe, gut genutzt, denn erstmals pr\u00e4sentieren sie ihre eigene Damenkollektion, die nach und nach entstanden ist und auf \u201eSchl\u00fcsselst\u00fccke\u201c setzt, Teile also, die das Zeug zu langj\u00e4hrigen Basics haben und mit ihrem l\u00e4ssig-luxuri\u00f6sen Styling je nach Kombination in so gut wie jede Alltags- und Jobsituation passen. Nachhaltig ist dieser Ansatz ohnehin, noch nachhaltiger wird er durch den Entstehungsprozess, der zu ziemlich 100% in und um den Vogelsberg stattgefunden hat. Entworfen und konfektioniert in Alsfeld, wurden die Stoffe \u2013 gewebt in Schlitz oder Trutzhain, gestrickt in Wallenrod \u2013 in Romrod in einer Kooperation mit den Kleiderwerken B\u00fccking in die Schl\u00fcsselst\u00fccke der GeschwisterGALFEF verwandelt, die es als erste Vogelsberger Damenkollektion auf der Modenschau im Oktober erstmals zu sehen gibt \u2013 nicht die einzige Premiere an diesem Abend in Alsfeld! \u201eWir m\u00f6chten damit etwas Neues schaffen, was genau in diese Zeit passt, etwas Echtes, etwas aus unserer Welt\u201c, charakterisiert Frank Galfe seine Mode und erl\u00e4utert damit auch das Motto der Schau, die unter \u201eNEU(E)ZEIT \u2013 echtsaisonmodenschau\u201c l\u00e4uft.<\/p>\n<p>Als Stargast pr\u00e4sentiert die mehrfach ausgezeichnete Designerin Anja Gockel erstmals ihre Kollektion in Alsfeld, f\u00fcr Musik sorgt Paul Lomax, dessen neuer Song ebenfalls in Alsfeld Premiere feiern wird und der gemeinsam mit Ela, der S\u00e4ngerin von Culcha Candela, auftreten wird. Die Feinschmeckerei Heiser, langj\u00e4hriger Partner von Galfe\u00e2\u20ac\u2122s, wird den Abend nutzen, um den Start der Zusammenarbeit mit Gavi &amp; Barolo zu feiern, eine weitere Premiere wird die junge Zusammenarbeit des Modehauses mit der ebenfalls jungen Lauterbacher Agentur Zweikopf sein. \u201eWir setzen auf die Zusammenarbeit und Vernetzung in der Region, auf das Miteinander-Tun\u201c, erl\u00e4utert Frank Galfe die Intension dahinter, denn Nachhaltigkeit steht f\u00fcr ihn stets auf einer Stufe mit der Zukunftsf\u00e4higkeit seiner Heimat, dem Vogelsberg. Aus diesem Grund sind auch zahlreiche weitere regionale Partner zur Modenschau am Start.<\/p>\n<p>Die Show startet am 12.10. um 20 Uhr, Einlass ist ab 19 Uhr. Wer mag, kann f\u00fcr den Heimweg einen Shuttle-Bus der besonderen Art nehmen: Am G\u00fcterbahnhof wartet ein waschechter VW Bulli auf seine Fahrg\u00e4ste! Karten und Infos gibt es unter <a href=\"http:\/\/www.bei-galfes.com.\" target=\"_blank\" rel=\"noopener noreferrer\">www.bei-galfes.com.<\/a><\/p>\n","protected":false},"excerpt":{"rendered":"<div class=\"tmnf_excerpt\"><p>geschwisterGALFE pr\u00e4sentieren nachhaltige Mode \u2013 Stargast Designerin des Jahres 2017 Anja Gockel Er scheint ein wenig pausiert zu haben, Frank Galfe, der sich gerne als \u201eTuchdealer\u201c bezeichnet und Alsfeld und die weitere Region allj\u00e4hrlich mit viel beachteten, gro\u00dfen Modeschauen begl\u00fcckt. Nun hatte er eine sch\u00f6pferische Auszeit eingelegt und tritt mit vielen modischen Neuheiten am 12.10. &hellip;<\/p>\n<\/div>","protected":false},"author":1,"featured_media":0,"comment_status":"closed","ping_status":"closed","sticky":false,"template":"","format":"standard","meta":{"footnotes":""},"categories":[1],"tags":[],"class_list":["post-181945","post","type-post","status-publish","format-standard","hentry","category-startseite"],"_links":{"self":[{"href":"https:\/\/www.fuldaernachrichten.de\/index.php?rest_route=\/wp\/v2\/posts\/181945","targetHints":{"allow":["GET"]}}],"collection":[{"href":"https:\/\/www.fuldaernachrichten.de\/index.php?rest_route=\/wp\/v2\/posts"}],"about":[{"href":"https:\/\/www.fuldaernachrichten.de\/index.php?rest_route=\/wp\/v2\/types\/post"}],"author":[{"embeddable":true,"href":"https:\/\/www.fuldaernachrichten.de\/index.php?rest_route=\/wp\/v2\/users\/1"}],"replies":[{"embeddable":true,"href":"https:\/\/www.fuldaernachrichten.de\/index.php?rest_route=%2Fwp%2Fv2%2Fcomments&post=181945"}],"version-history":[{"count":1,"href":"https:\/\/www.fuldaernachrichten.de\/index.php?rest_route=\/wp\/v2\/posts\/181945\/revisions"}],"predecessor-version":[{"id":181946,"href":"https:\/\/www.fuldaernachrichten.de\/index.php?rest_route=\/wp\/v2\/posts\/181945\/revisions\/181946"}],"wp:attachment":[{"href":"https:\/\/www.fuldaernachrichten.de\/index.php?rest_route=%2Fwp%2Fv2%2Fmedia&parent=181945"}],"wp:term":[{"taxonomy":"category","embeddable":true,"href":"https:\/\/www.fuldaernachrichten.de\/index.php?rest_route=%2Fwp%2Fv2%2Fcategories&post=181945"},{"taxonomy":"post_tag","embeddable":true,"href":"https:\/\/www.fuldaernachrichten.de\/index.php?rest_route=%2Fwp%2Fv2%2Ftags&post=181945"}],"curies":[{"name":"wp","href":"https:\/\/api.w.org\/{rel}","templated":true}]}}