{"id":181932,"date":"2019-10-07T21:33:28","date_gmt":"2019-10-07T19:33:28","guid":{"rendered":"http:\/\/fuldaer-nachrichten.de\/?p=181932"},"modified":"2019-10-07T21:33:28","modified_gmt":"2019-10-07T19:33:28","slug":"oktoberfest-der-kulturen-protest-gegen-den-afd-landesparteitag-in-neuhof","status":"publish","type":"post","link":"https:\/\/www.fuldaernachrichten.de\/?p=181932","title":{"rendered":"&#8220;Oktoberfest der Kulturen&#8221; (Protest gegen den Afd Landesparteitag in Neuhof)"},"content":{"rendered":"<p>Am Wochenende 12.10.\/ 13.10. wird in Neuhof der AfD-Landesparteitag stattfinden, f\u00fcr den der rechtsextreme \u201cFl\u00fcgel\u00e2\u20ac\u009d der Partei die Machtfrage angek\u00fcndigt hat. Ein weiterer Rechtsruck der AfD steht damit auch in Hessen vor der T\u00fcr. In Neuhof hat sich ein breites B\u00fcndnis aus Organisationen, Vereinen, gesellschaftlichen Gruppen und Einzelpersonen gebildet, mit einem Oktoberfest der Kulturen, soll deutlich gezeigt werden:\u00c2\u00a0 Die Gemeinde Neuhof und der Landkreis Fulda sind nicht \u201edas Sachsen in Hessen\u201c wie Martin Hohmann von der AfD gerne behauptet und vor allem kein ruhiger R\u00fcckzugspunkt f\u00fcr antidemokratische Menschenfeinde. Wir wollen unser Oktoberfest der Kulturen an die Jahreszeit anpassen, so die Initiatoren. Unter dem Motto: \u201eWir sind bunt wie das Herbstlaub, so bunt und vielf\u00e4ltig ist unsere Gesellschaft, wird das Oktoberfest der Kulturen in Neuhof stattfinden. Unterst\u00fctzt vom Gewerbeverein Neuhof und seinen Mitgliedern wird es ab 10.00 Uhr auf dem Platz neben dem Gemeindezentrum ein z\u00fcmpftiges Wei\u00dfwurstfr\u00fchst\u00fcck mit Polittalk und Live Musik geben.<!--more--><\/p>\n<p>Kulturell wird das Programm von der Songwriterin Suska K., den Maler und Musiker Bernd Baldus gestaltet. Ein Warm up auf das gro\u00dfe Konzert \u201eLove Music \u2013 Hate Racism wird es mit der Liedermacherin \u201eWild im Wald\u201c geben. Ob Redebeitr\u00e4ge oder Talk Runden auch die Rednerinnen und Redner zeigen die Vielfalt des Landkreises Fulda. So wird Thorsten Jahn (Gewerbeverein Neuhof), Robert Weissenbrunner (IG Metall Hanau\/Fulda), Markus Hoffmann (MdL Gr\u00fcne), Sabine \u00c2\u00a0Waschke (MdL SPD), Kathrin Harth (Regionsgesch\u00e4ftsf\u00fchrerin DGB-Region S\u00fcdosthessen), Martina Werner (eh.Europaabgeordnete), Ulrich Wilken (Vizepr\u00e4sident Hessischer Landtag \u201eDie Linke\u201c), Pfarrer Holger Biehn (Evangelische Kirche Flieden\/Neuhof) am Mikrophon stehen.<\/p>\n<p>Mit unserem Protest wollen wir deutlich machen, dass in der Gemeinde Neuhof Menschen unabh\u00e4ngig ihrer Kulturen oder religi\u00f6sen Ansichten friedlich miteinander leben. Tradition und Brauchtum sind nicht nur unsere Wurzeln, sondern stehen auch f\u00fcr Gemeinschaft und Zusammenhalt. Hier ist kein Platz f\u00fcr Rassismus, Homophobie, v\u00f6lkisch-nationalistisches Denken und antidemokratische Vorstellungen der AfD, so die klare und deutliche Ansage aus dem breiten B\u00fcndnis dem Fulda stellt sich quer, Gewerbeverein Neuhof, SPD, die Gr\u00fcnen, Jusos, die Linke, Solid, K\u00fcche f\u00fcr alle, Kirchen, Katholische Arbeiterbewegung (KAB), Attac, MC Kuhle Wampe, Fridays for Future, Ahmadiyya-Gemeinde, Weltladen Fulda, Agora, Kreuz e.V., Jungen Gr\u00fcnen, Welcome In, L14, K\u00f6K, die Partei, Foodsharing Fulda und viele mehr angeh\u00f6ren. Gespickt mit Redebeitr\u00e4ge hei\u00dft es ab 12.00 Uhr: Love Music \u2013 Hate Racism, Bands der Extraklasse werden ab 12.00 Uhr in Neuhof die B\u00fchne beben lassen. Den Auftakt macht die Kurt Fablitzke Combo aus Neuhof, eine Combo von renomierten Musikern aus Neuhof und Umgebung, die sich extra zu diesem Event gegr\u00fcndet. Ob Oldies oder Gassenhauer, \u201ewir werden das Publikum einheizen\u201c so die Stimmen aus der Band.\u00c2\u00a0 Einen Stilmix aus Folk und Blues mit kritischen Texten, die sich vor allem mit den Unzul\u00e4nglichkeiten der eigenen Generation besch\u00e4ftigen, wird Cynthia Nickschas mit Ihrer Band erstmals in Neuhof spielen. Die Wurzeln von Cynthia Nickschas liegen im Landkreis Fulda, ihre neue Heimat sind die B\u00fchnen auf dem Burg Herzberg Festival, Tollwood-Sommerfestival, N\u00fcrnberger Bardentreffen oder gemeinsame Auftritte mit Konstantin Wecker. Wo Recht zu Unrecht wird, wird Cynthia Nickschas Musik zur Pflicht. Ein besonderer kultureller Leckerbissen werden die Scallwags sein. Gemeinsam mit den Donots, Antilopen Gang und Massendefekt waren sie Headliner auf dem diesj\u00e4hrigen \u201eAb geht die Lutzi Festival\u201c. Mit Ihren Festivalhit 2019 \u201e No Pasaran \u201e haben sie eine klare Aussage gegen Rassismus und Hetze getroffen. Zum abr\u00e4umen, kommt Freidenkeralarm aus Trier. Die Band existiert seit September 2016 und von Anfang an war die Botschaft: \u201eNie wieder\u201c, die Kernaussage der Band. Die Songs der Freidenker haben eine leichte ZSK-Schlagseite mit deutlichen Positionen gegen Rechtsextremismus.<\/p>\n<p>Die Gemeinde Neuhof will am 12.10.2019 deutlich machen, in Neuhof ist f\u00fcr rechte Propaganda kein Platz, dazu gibt es ein speziell angefertigtes T-Shirt, welches die Neuhofer Initiatoren am Samstag zum Solipreis von 15\u00e2\u201a\u00ac anbieten. Das T-Shirt ist in einer limitierten Auflage erh\u00e4ltlich.<\/p>\n","protected":false},"excerpt":{"rendered":"<div class=\"tmnf_excerpt\"><p>Am Wochenende 12.10.\/ 13.10. wird in Neuhof der AfD-Landesparteitag stattfinden, f\u00fcr den der rechtsextreme \u201cFl\u00fcgel\u00e2\u20ac\u009d der Partei die Machtfrage angek\u00fcndigt hat. Ein weiterer Rechtsruck der AfD steht damit auch in Hessen vor der T\u00fcr. In Neuhof hat sich ein breites B\u00fcndnis aus Organisationen, Vereinen, gesellschaftlichen Gruppen und Einzelpersonen gebildet, mit einem Oktoberfest der Kulturen, soll &hellip;<\/p>\n<\/div>","protected":false},"author":1,"featured_media":181933,"comment_status":"closed","ping_status":"closed","sticky":false,"template":"","format":"standard","meta":{"footnotes":""},"categories":[1],"tags":[],"class_list":["post-181932","post","type-post","status-publish","format-standard","has-post-thumbnail","hentry","category-startseite"],"_links":{"self":[{"href":"https:\/\/www.fuldaernachrichten.de\/index.php?rest_route=\/wp\/v2\/posts\/181932","targetHints":{"allow":["GET"]}}],"collection":[{"href":"https:\/\/www.fuldaernachrichten.de\/index.php?rest_route=\/wp\/v2\/posts"}],"about":[{"href":"https:\/\/www.fuldaernachrichten.de\/index.php?rest_route=\/wp\/v2\/types\/post"}],"author":[{"embeddable":true,"href":"https:\/\/www.fuldaernachrichten.de\/index.php?rest_route=\/wp\/v2\/users\/1"}],"replies":[{"embeddable":true,"href":"https:\/\/www.fuldaernachrichten.de\/index.php?rest_route=%2Fwp%2Fv2%2Fcomments&post=181932"}],"version-history":[{"count":1,"href":"https:\/\/www.fuldaernachrichten.de\/index.php?rest_route=\/wp\/v2\/posts\/181932\/revisions"}],"predecessor-version":[{"id":181934,"href":"https:\/\/www.fuldaernachrichten.de\/index.php?rest_route=\/wp\/v2\/posts\/181932\/revisions\/181934"}],"wp:featuredmedia":[{"embeddable":true,"href":"https:\/\/www.fuldaernachrichten.de\/index.php?rest_route=\/wp\/v2\/media\/181933"}],"wp:attachment":[{"href":"https:\/\/www.fuldaernachrichten.de\/index.php?rest_route=%2Fwp%2Fv2%2Fmedia&parent=181932"}],"wp:term":[{"taxonomy":"category","embeddable":true,"href":"https:\/\/www.fuldaernachrichten.de\/index.php?rest_route=%2Fwp%2Fv2%2Fcategories&post=181932"},{"taxonomy":"post_tag","embeddable":true,"href":"https:\/\/www.fuldaernachrichten.de\/index.php?rest_route=%2Fwp%2Fv2%2Ftags&post=181932"}],"curies":[{"name":"wp","href":"https:\/\/api.w.org\/{rel}","templated":true}]}}