{"id":181926,"date":"2019-10-07T21:26:55","date_gmt":"2019-10-07T19:26:55","guid":{"rendered":"http:\/\/fuldaer-nachrichten.de\/?p=181926"},"modified":"2019-10-07T21:26:55","modified_gmt":"2019-10-07T19:26:55","slug":"norwegische-bestsellerautoren-lesen-in-der-ev-akademie","status":"publish","type":"post","link":"https:\/\/www.fuldaernachrichten.de\/?p=181926","title":{"rendered":"Norwegische Bestsellerautoren lesen in der Ev. Akademie"},"content":{"rendered":"<p>Mit Tore Renberg (Stavanger) und Roy Jacobsen (Oslo) kommen zwei der bekanntesten zeitgen\u00f6ssischen norwegischen Autoren zu einer Lesung an die Evangelische Akademie Hofgeismar. Sie lesen am Samstag, 19. Oktober, ab 15 Uhr im Synodalsaal der Evangelischen Tagungsst\u00e4tte am Gesundbrunnen und sind Gast auf der Tagung \u201eL\u00e4nderportr\u00e4t Norwegen \u00c2\u00ac- Der Traum in uns\u201c (18. bis 20. Oktober), mit der das Gastland der diesj\u00e4hrigen Frankfurter Buchmesse gew\u00fcrdigt wird. Wie auch zu dem Konzert am Samstagabend (Beginn: 19.30 Uhr) k\u00f6nnen auch zu den Lesungen G\u00e4ste hinzukommen.<br \/>\nDer Eintritt ist frei; um Spenden wird gebeten.<\/p>\n","protected":false},"excerpt":{"rendered":"<div class=\"tmnf_excerpt\"><p>Mit Tore Renberg (Stavanger) und Roy Jacobsen (Oslo) kommen zwei der bekanntesten zeitgen\u00f6ssischen norwegischen Autoren zu einer Lesung an die Evangelische Akademie Hofgeismar. Sie lesen am Samstag, 19. Oktober, ab 15 Uhr im Synodalsaal der Evangelischen Tagungsst\u00e4tte am Gesundbrunnen und sind Gast auf der Tagung \u201eL\u00e4nderportr\u00e4t Norwegen \u00c2\u00ac- Der Traum in uns\u201c (18. bis 20. &hellip;<\/p>\n<\/div>","protected":false},"author":1,"featured_media":181927,"comment_status":"closed","ping_status":"closed","sticky":false,"template":"","format":"standard","meta":{"footnotes":""},"categories":[1],"tags":[],"class_list":["post-181926","post","type-post","status-publish","format-standard","has-post-thumbnail","hentry","category-startseite"],"_links":{"self":[{"href":"https:\/\/www.fuldaernachrichten.de\/index.php?rest_route=\/wp\/v2\/posts\/181926","targetHints":{"allow":["GET"]}}],"collection":[{"href":"https:\/\/www.fuldaernachrichten.de\/index.php?rest_route=\/wp\/v2\/posts"}],"about":[{"href":"https:\/\/www.fuldaernachrichten.de\/index.php?rest_route=\/wp\/v2\/types\/post"}],"author":[{"embeddable":true,"href":"https:\/\/www.fuldaernachrichten.de\/index.php?rest_route=\/wp\/v2\/users\/1"}],"replies":[{"embeddable":true,"href":"https:\/\/www.fuldaernachrichten.de\/index.php?rest_route=%2Fwp%2Fv2%2Fcomments&post=181926"}],"version-history":[{"count":1,"href":"https:\/\/www.fuldaernachrichten.de\/index.php?rest_route=\/wp\/v2\/posts\/181926\/revisions"}],"predecessor-version":[{"id":181928,"href":"https:\/\/www.fuldaernachrichten.de\/index.php?rest_route=\/wp\/v2\/posts\/181926\/revisions\/181928"}],"wp:featuredmedia":[{"embeddable":true,"href":"https:\/\/www.fuldaernachrichten.de\/index.php?rest_route=\/wp\/v2\/media\/181927"}],"wp:attachment":[{"href":"https:\/\/www.fuldaernachrichten.de\/index.php?rest_route=%2Fwp%2Fv2%2Fmedia&parent=181926"}],"wp:term":[{"taxonomy":"category","embeddable":true,"href":"https:\/\/www.fuldaernachrichten.de\/index.php?rest_route=%2Fwp%2Fv2%2Fcategories&post=181926"},{"taxonomy":"post_tag","embeddable":true,"href":"https:\/\/www.fuldaernachrichten.de\/index.php?rest_route=%2Fwp%2Fv2%2Ftags&post=181926"}],"curies":[{"name":"wp","href":"https:\/\/api.w.org\/{rel}","templated":true}]}}