{"id":181903,"date":"2019-10-04T10:42:53","date_gmt":"2019-10-04T08:42:53","guid":{"rendered":"http:\/\/fuldaer-nachrichten.de\/?p=181903"},"modified":"2019-10-04T10:37:18","modified_gmt":"2019-10-04T08:37:18","slug":"ernte-dank-auf-besondere-art-poppenhausener-landfrauen-dekorierten-lebensthemenbaum","status":"publish","type":"post","link":"https:\/\/www.fuldaernachrichten.de\/?p=181903","title":{"rendered":"\u201eErnte-Dank\u201c auf besondere Art: Poppenhausener Landfrauen dekorierten Lebensthemenbaum"},"content":{"rendered":"<p>\u201eErnte-Dank\u201c ist eine lange und sch\u00f6ne Rh\u00f6ner Tradition, die jeweils nach der Erntezeit neu auflebt. Das Thema l\u00e4sst sich vielf\u00e4ltig darstellen. Ob Ernte-Dank-Brunnen, Fr\u00fcchteteppich, Hauseing\u00e4nge oder Altarr\u00e4ume in den Kirchen und Kapellen \u2013 die Rh\u00f6ner zeigen sich jedes Jahr aufs Neue besonders kreativ. In der Ortsmitte von Poppenhausen steht seit einigen Jahren ein sog. \u201eLebensthemenbaum\u201c. Diese sinnhafte Metallskulptur, dient u.a. dazu, zu verschiedenen Anl\u00e4ssen und Themen gestaltet, geschm\u00fcckt bzw. dekoriert zu werden. So u.a. auch zum Thema \u201eErnte-Dank\u201c.<!--more--><\/p>\n<p>Als besonders kreative K\u00f6pfe zeigten sich auch in diesem Jahr wieder die Poppenhausener Landfrauen. Sie schm\u00fcckten die Skulptur, indem sie Drahtk\u00f6rbe mit verschiedenen Fr\u00fcchten f\u00fcllten und belegten, die anschlie\u00dfend an den \u201eBaum\u201c geh\u00e4ngt wurden. Der dekorierte Lebensthemenbaum schm\u00fcckt jetzt einige Wochen um das Ernte-Dank-Fest die Ortsmitte zur Freude der Einheimischen und der G\u00e4ste. Schlie\u00dflich passen die Themen Landwirtschaft, Landfrauen und Ernte-Dank gut zusammen, meint B\u00fcrgermeister Manfred Helfrich, der sich auch in diesem Jahr wieder \u00fcber die Unterst\u00fctzung der Landfrauen freute.<\/p>\n<p>Folgende Landfrauen waren beim Schm\u00fccken aktiv: Die Vorsitzende Michaela M\u00fcller mit Tochter Carolina, Petra Sauer, Margarete Bagilvi und Maria Hahl. Bei den Vorbereitungen unterst\u00fctzen au\u00dferdem Elli Hahn und Irmtraud Weigel. Der Gemeindevorstand dankt den flei\u00dfigen Landfrauen f\u00fcr die Pflege der sch\u00f6nen Rh\u00f6ner Tradition zu Gunsten eines schmucken Ortsbildes.+++(<\/p>\n","protected":false},"excerpt":{"rendered":"<div class=\"tmnf_excerpt\"><p>\u201eErnte-Dank\u201c ist eine lange und sch\u00f6ne Rh\u00f6ner Tradition, die jeweils nach der Erntezeit neu auflebt. Das Thema l\u00e4sst sich vielf\u00e4ltig darstellen. Ob Ernte-Dank-Brunnen, Fr\u00fcchteteppich, Hauseing\u00e4nge oder Altarr\u00e4ume in den Kirchen und Kapellen \u2013 die Rh\u00f6ner zeigen sich jedes Jahr aufs Neue besonders kreativ. In der Ortsmitte von Poppenhausen steht seit einigen Jahren ein sog. \u201eLebensthemenbaum\u201c. &hellip;<\/p>\n<\/div>","protected":false},"author":1,"featured_media":181904,"comment_status":"closed","ping_status":"closed","sticky":false,"template":"","format":"standard","meta":{"footnotes":""},"categories":[1],"tags":[],"class_list":["post-181903","post","type-post","status-publish","format-standard","has-post-thumbnail","hentry","category-startseite"],"_links":{"self":[{"href":"https:\/\/www.fuldaernachrichten.de\/index.php?rest_route=\/wp\/v2\/posts\/181903","targetHints":{"allow":["GET"]}}],"collection":[{"href":"https:\/\/www.fuldaernachrichten.de\/index.php?rest_route=\/wp\/v2\/posts"}],"about":[{"href":"https:\/\/www.fuldaernachrichten.de\/index.php?rest_route=\/wp\/v2\/types\/post"}],"author":[{"embeddable":true,"href":"https:\/\/www.fuldaernachrichten.de\/index.php?rest_route=\/wp\/v2\/users\/1"}],"replies":[{"embeddable":true,"href":"https:\/\/www.fuldaernachrichten.de\/index.php?rest_route=%2Fwp%2Fv2%2Fcomments&post=181903"}],"version-history":[{"count":1,"href":"https:\/\/www.fuldaernachrichten.de\/index.php?rest_route=\/wp\/v2\/posts\/181903\/revisions"}],"predecessor-version":[{"id":181905,"href":"https:\/\/www.fuldaernachrichten.de\/index.php?rest_route=\/wp\/v2\/posts\/181903\/revisions\/181905"}],"wp:featuredmedia":[{"embeddable":true,"href":"https:\/\/www.fuldaernachrichten.de\/index.php?rest_route=\/wp\/v2\/media\/181904"}],"wp:attachment":[{"href":"https:\/\/www.fuldaernachrichten.de\/index.php?rest_route=%2Fwp%2Fv2%2Fmedia&parent=181903"}],"wp:term":[{"taxonomy":"category","embeddable":true,"href":"https:\/\/www.fuldaernachrichten.de\/index.php?rest_route=%2Fwp%2Fv2%2Fcategories&post=181903"},{"taxonomy":"post_tag","embeddable":true,"href":"https:\/\/www.fuldaernachrichten.de\/index.php?rest_route=%2Fwp%2Fv2%2Ftags&post=181903"}],"curies":[{"name":"wp","href":"https:\/\/api.w.org\/{rel}","templated":true}]}}