{"id":181893,"date":"2019-10-04T10:28:29","date_gmt":"2019-10-04T08:28:29","guid":{"rendered":"http:\/\/fuldaer-nachrichten.de\/?p=181893"},"modified":"2019-10-04T10:28:42","modified_gmt":"2019-10-04T08:28:42","slug":"ruhige-und-genussvolle-zeiten-in-hilders-erleben","status":"publish","type":"post","link":"https:\/\/www.fuldaernachrichten.de\/?p=181893","title":{"rendered":"Ruhige und Genussvolle Zeiten in Hilders erleben"},"content":{"rendered":"<p>F\u00fcr die einen mag es eine trostlose Zeit sein, wenn sich der bunte tolle Herbst mit all seiner Farb-pracht langsam verabschiedet, f\u00fcr andere beginnt einfach im Herbst dann die Zeit, die man durchaus genie\u00dfen kann.  Und mal Hand aufs Herz, auch die Zeit, in der man Kerzen anz\u00fcndet ist doch gera-de die Zeit des Genie\u00dfens und der funkelnden Augen. Und wenn die Tage k\u00fcrzer werden, sollte man erst recht aktiv in den Tag starten und den Tag bis in die letzten Stunden ausnutzen. Das kann man in Hilders sehr gut, denn geh\u00f6rt zu den bedeutendsten Tourismusorten der Rh\u00f6n. Jung &#8211; aktiv &#8211; erlebnisreich ist das vielseitige Erholungs-, Sport und Freizeitangebot.<!--more--><\/p>\n<p><strong>Unser Tipp: Aktiv genie\u00dfen<\/strong><br \/>\nAuch wenn der Milseburgradweg f\u00fcr die Radfahrer geschlossen ist, muss dass nicht hei\u00dfen, dass der Aktivurlauber zu kurz kommt. Zahlreiche andere Radwege, Wanderwege, Winterwanderwege und der Herz-Kreislauf-Park in Hilders laden ein, fit und aktiv in Hilders zu sein. Hilders im Sp\u00e4therbst, das ist Genuss pur &#8211; Wandern, Wellness und schon ein Hauch von Advent. Und nach einem erlebnisreichen Tag, kann es dann zum Relaxen in das Freizeitbad \u201eUlsterwelle\u201c gehen. Hier l\u00e4sst sich auch mal Schmuddelwetter  mit Genuss ertragen. Besonders jetzt zu dieser Jahreszeit ist auch eine der Sau-nan\u00e4chte etwas ganz besonderes. Das Freizeitbad Ulsterwelle lockt mit tollen Angeboten, denn wenn das Feuer im Kamin knistert, die Tage k\u00fcrzer werden und der Schnee f\u00e4llt, dann Wellness be-sonders sch\u00f6n, ja fast himmlisch. Wer sich immer schon einmal wie ein Engel f\u00fchlen wollte, der sollte den Wohlf\u00fchltipp aus Hilders nicht verachten. Bis einschlie\u00dflich M\u00e4rz veranstaltet das Freizeitbad Ulsterwelle seine Saunan\u00e4chte mit textilfreiem Schwimmen( ab 22 Uhr). Neben Spezialaufg\u00fcssen- teilweise mit Eis- oder Peeling-Salz- gibt es kleine \u00dcberraschungen. Saunan\u00e4chte finden immer am letzten Freitag des Monats statt, somit also am 29.11.2019 in diesem Monat. N\u00e4heres unter www.ulsterwelle.de.<\/p>\n<p><strong>Ein Hauch von Advent beim Lichtl\u00c2\u00b4markt in Hilders <\/strong><br \/>\nAm 30.11.2019 ist es wieder soweit, Hilders l\u00e4dt ein zum Lichtl\u00c2\u00b4markt, unserem Weihnachtsmarkt. Typisches Weihnachtsmarktfeeling und das ganze verbunden mit einem Tag zum Shoppen und Bummeln. Der Lichtl\u00c2\u00b4markt findet im und um den Ulstersaal herum statt. Neben regionalen Spezialit\u00e4-ten wird auch Kunsthandwerk angeboten und alles, was zu einem vorweihnachtlichem Markt dazu-geh\u00f6rt. Gl\u00fchweinduft und ein Hauch von Pl\u00e4tzchen, gebrannten Mandeln und Weihnachten liegt in der Luft. Ab 11:00 Uhr bis etwa 21.00 Uhr wird es weihnachtlich, Adventsstimmung soll aufkommen und die Heilige Luzia kommt zu den Kindern und bringt \u00dcberraschungen mit. Im Saal erwarten die Besucher, neben dem Gl\u00fchweinduft, der von den St\u00e4nden im Au\u00dfenbereich kommt, eine adventliche Kaffeetafel. Auch die Gesch\u00e4ftsleute von Hilders ziehen bei den M\u00e4rkten mit und locken mit tollen Angeboten und Rabatten. Die Marktgemeinde freut sich auf Ihren Besuch und einen tollen Erlebnis-tag in der Adventszeit f\u00fcr die ganze Familie, einfach f\u00fcr Jeden. <\/p>\n<p><strong>Immer einen Ausflug wert<\/strong><br \/>\nF\u00fcr weitere Infos, Wanderplanung und Buchungen stehen wir Ihnen gerne zur Verf\u00fcgung. Rufen Sie uns einfach an! Tourist-Information Hilders, Kirchstr. 2 \u2013 6 , 36115 Hilders(Rh\u00f6n), Telefon: 06681\/9608-15, <a href=\"http:\/\/www.hilders.de\" rel=\"noopener noreferrer\" target=\"_blank\">www.hilders.de<\/a><\/p>\n","protected":false},"excerpt":{"rendered":"<div class=\"tmnf_excerpt\"><p>F\u00fcr die einen mag es eine trostlose Zeit sein, wenn sich der bunte tolle Herbst mit all seiner Farb-pracht langsam verabschiedet, f\u00fcr andere beginnt einfach im Herbst dann die Zeit, die man durchaus genie\u00dfen kann. Und mal Hand aufs Herz, auch die Zeit, in der man Kerzen anz\u00fcndet ist doch gera-de die Zeit des Genie\u00dfens &hellip;<\/p>\n<\/div>","protected":false},"author":1,"featured_media":181894,"comment_status":"closed","ping_status":"closed","sticky":false,"template":"","format":"standard","meta":{"footnotes":""},"categories":[1],"tags":[],"class_list":["post-181893","post","type-post","status-publish","format-standard","has-post-thumbnail","hentry","category-startseite"],"_links":{"self":[{"href":"https:\/\/www.fuldaernachrichten.de\/index.php?rest_route=\/wp\/v2\/posts\/181893","targetHints":{"allow":["GET"]}}],"collection":[{"href":"https:\/\/www.fuldaernachrichten.de\/index.php?rest_route=\/wp\/v2\/posts"}],"about":[{"href":"https:\/\/www.fuldaernachrichten.de\/index.php?rest_route=\/wp\/v2\/types\/post"}],"author":[{"embeddable":true,"href":"https:\/\/www.fuldaernachrichten.de\/index.php?rest_route=\/wp\/v2\/users\/1"}],"replies":[{"embeddable":true,"href":"https:\/\/www.fuldaernachrichten.de\/index.php?rest_route=%2Fwp%2Fv2%2Fcomments&post=181893"}],"version-history":[{"count":1,"href":"https:\/\/www.fuldaernachrichten.de\/index.php?rest_route=\/wp\/v2\/posts\/181893\/revisions"}],"predecessor-version":[{"id":181895,"href":"https:\/\/www.fuldaernachrichten.de\/index.php?rest_route=\/wp\/v2\/posts\/181893\/revisions\/181895"}],"wp:featuredmedia":[{"embeddable":true,"href":"https:\/\/www.fuldaernachrichten.de\/index.php?rest_route=\/wp\/v2\/media\/181894"}],"wp:attachment":[{"href":"https:\/\/www.fuldaernachrichten.de\/index.php?rest_route=%2Fwp%2Fv2%2Fmedia&parent=181893"}],"wp:term":[{"taxonomy":"category","embeddable":true,"href":"https:\/\/www.fuldaernachrichten.de\/index.php?rest_route=%2Fwp%2Fv2%2Fcategories&post=181893"},{"taxonomy":"post_tag","embeddable":true,"href":"https:\/\/www.fuldaernachrichten.de\/index.php?rest_route=%2Fwp%2Fv2%2Ftags&post=181893"}],"curies":[{"name":"wp","href":"https:\/\/api.w.org\/{rel}","templated":true}]}}