{"id":181888,"date":"2019-10-04T10:24:48","date_gmt":"2019-10-04T08:24:48","guid":{"rendered":"http:\/\/fuldaer-nachrichten.de\/?p=181888"},"modified":"2019-10-04T10:24:48","modified_gmt":"2019-10-04T08:24:48","slug":"internationaler-tag-der-seelischen-gesundheit-mehr-toleranz-und-gegen-stigmatisierung-psychisch-erkrankter-menschen-mitmachaktion-singen-macht-gluecklich","status":"publish","type":"post","link":"https:\/\/www.fuldaernachrichten.de\/?p=181888","title":{"rendered":"Internationaler Tag der seelischen Gesundheit: Mehr Toleranz und gegen Stigmatisierung psychisch erkrankter Menschen Mitmachaktion \u201eSingen macht gl\u00fccklich\u201c"},"content":{"rendered":"<p>Eine psychische Erkrankung kann jeden treffen. Psychische Erkrankungen, allen voran Angsterkrankungen und Depressionen, geh\u00f6ren inzwischen zu den h\u00e4ufigsten Krankheiten in unserer Gesellschaft. Viele psychisch Kranke kapseln sich jedoch ab und nicht wenige werden von irritierten Mitmenschen gemieden oder gar stigmatisiert. Umso wichtiger ist es \u00fcber psychische Erkrankungen aufzukl\u00e4ren und Ber\u00fchrungs\u00e4ngste in der Bev\u00f6lkerung abzubauen. <!--more--><\/p>\n<p>Am internationalen Tag der seelischen Gesundheit soll weltweit ein Zeichen gegen Vorurteile und Stigmatisierung psychischer Erkrankungen gesetzt werden. Menschen jeden Alters in psychischen Krisen sollen Akzeptanz in der Gesellschaft erfahren und sich trauen k\u00f6nnen, ihre Probleme offen anzusprechen, um rechtzeitig Hilfe zu erhalten. Unter dem Motto \u201eSingen macht gl\u00fccklich\u201c l\u00e4dt das Diakoniezentrum Fulda am 9. Oktober 2019 zu einer Mitmachaktion in das Caf\u00e9 Wunderbar ein. Gemeinsames Singen verbindet die Menschen, schafft ein Gruppengef\u00fchl und \u00fcberwindet gegenseitige Ber\u00fchrungs\u00e4ngste. <\/p>\n<p>Zur inklusiven Mitmachaktion im Caf\u00e9 Wunderbar sind alle Menschen, mit und ohne Erkrankung, eingeladen. In entspannter Atmosph\u00e4re kann jeder mitsingen, mitklatschen oder auch einfach nur zuh\u00f6ren. Neben dem gemeinsamen Singen besteht auch die M\u00f6glichkeit sich \u00fcber Hilfs- und F\u00f6rderangebote f\u00fcr psychisch erkrankte Menschen zu informieren. Im sowie vor dem Caf\u00e9 Wunderbar beantworten Mitarbeiter\/innen Fragen rund um die psychische Gesundheit.<\/p>\n<p>Bereits 1992 hat die World Federation for Mental Health (WFMH) mit Unterst\u00fctzung der WHO den Welttag der seelischen Gesundheit ins Leben gerufen, der aufgrund steigender psychischer St\u00f6rungen immer mehr an Bedeutung gewinnt. <\/p>\n","protected":false},"excerpt":{"rendered":"<div class=\"tmnf_excerpt\"><p>Eine psychische Erkrankung kann jeden treffen. Psychische Erkrankungen, allen voran Angsterkrankungen und Depressionen, geh\u00f6ren inzwischen zu den h\u00e4ufigsten Krankheiten in unserer Gesellschaft. Viele psychisch Kranke kapseln sich jedoch ab und nicht wenige werden von irritierten Mitmenschen gemieden oder gar stigmatisiert. Umso wichtiger ist es \u00fcber psychische Erkrankungen aufzukl\u00e4ren und Ber\u00fchrungs\u00e4ngste in der Bev\u00f6lkerung abzubauen.<\/p>\n<\/div>","protected":false},"author":1,"featured_media":0,"comment_status":"closed","ping_status":"closed","sticky":false,"template":"","format":"standard","meta":{"footnotes":""},"categories":[1],"tags":[],"class_list":["post-181888","post","type-post","status-publish","format-standard","hentry","category-startseite"],"_links":{"self":[{"href":"https:\/\/www.fuldaernachrichten.de\/index.php?rest_route=\/wp\/v2\/posts\/181888","targetHints":{"allow":["GET"]}}],"collection":[{"href":"https:\/\/www.fuldaernachrichten.de\/index.php?rest_route=\/wp\/v2\/posts"}],"about":[{"href":"https:\/\/www.fuldaernachrichten.de\/index.php?rest_route=\/wp\/v2\/types\/post"}],"author":[{"embeddable":true,"href":"https:\/\/www.fuldaernachrichten.de\/index.php?rest_route=\/wp\/v2\/users\/1"}],"replies":[{"embeddable":true,"href":"https:\/\/www.fuldaernachrichten.de\/index.php?rest_route=%2Fwp%2Fv2%2Fcomments&post=181888"}],"version-history":[{"count":1,"href":"https:\/\/www.fuldaernachrichten.de\/index.php?rest_route=\/wp\/v2\/posts\/181888\/revisions"}],"predecessor-version":[{"id":181889,"href":"https:\/\/www.fuldaernachrichten.de\/index.php?rest_route=\/wp\/v2\/posts\/181888\/revisions\/181889"}],"wp:attachment":[{"href":"https:\/\/www.fuldaernachrichten.de\/index.php?rest_route=%2Fwp%2Fv2%2Fmedia&parent=181888"}],"wp:term":[{"taxonomy":"category","embeddable":true,"href":"https:\/\/www.fuldaernachrichten.de\/index.php?rest_route=%2Fwp%2Fv2%2Fcategories&post=181888"},{"taxonomy":"post_tag","embeddable":true,"href":"https:\/\/www.fuldaernachrichten.de\/index.php?rest_route=%2Fwp%2Fv2%2Ftags&post=181888"}],"curies":[{"name":"wp","href":"https:\/\/api.w.org\/{rel}","templated":true}]}}