{"id":181884,"date":"2019-10-04T10:22:23","date_gmt":"2019-10-04T08:22:23","guid":{"rendered":"http:\/\/fuldaer-nachrichten.de\/?p=181884"},"modified":"2019-10-04T10:22:23","modified_gmt":"2019-10-04T08:22:23","slug":"vhs-seminar-zu-lessings-minna-von-barnhelm","status":"publish","type":"post","link":"https:\/\/www.fuldaernachrichten.de\/?p=181884","title":{"rendered":"VHS-Seminar zu Lessings \u201eMinna von Barnhelm\u201c"},"content":{"rendered":"<p>Am 24. Oktober findet im Schlosstheater eine Auff\u00fchrung \u201eMinna von Barnhelm\u201c von Gotthold Ephraim Lessing statt. Ein zweiteiliger Abendkurs der St\u00e4dtischen Volkshochschule unter Leitung von Sigrid Gebel bereitet am Mittwoch, 16. Oktober, dieses klassische Theaterst\u00fcck vor. Am Montag, 28.10., gibt es dann eine Reflexion der Auff\u00fchrung in einer Nachbesprechung. Beginn ist jeweils um 19.00 Uhr im VHS-Haus Kanzlerpalais. Die Geb\u00fchr betr\u00e4gt 10,80 Euro. Anmeldeschluss ist der 11.10.2019. Auskunft und Anmeldung \u00fcber die vhs-Gesch\u00e4ftsstelle, Unterm Hl. Kreuz 1, Telefon: 0661\/102-1477 oder -1474.<\/p>\n","protected":false},"excerpt":{"rendered":"<div class=\"tmnf_excerpt\"><p>Am 24. Oktober findet im Schlosstheater eine Auff\u00fchrung \u201eMinna von Barnhelm\u201c von Gotthold Ephraim Lessing statt. Ein zweiteiliger Abendkurs der St\u00e4dtischen Volkshochschule unter Leitung von Sigrid Gebel bereitet am Mittwoch, 16. Oktober, dieses klassische Theaterst\u00fcck vor. Am Montag, 28.10., gibt es dann eine Reflexion der Auff\u00fchrung in einer Nachbesprechung. Beginn ist jeweils um 19.00 Uhr &hellip;<\/p>\n<\/div>","protected":false},"author":1,"featured_media":0,"comment_status":"closed","ping_status":"closed","sticky":false,"template":"","format":"standard","meta":{"footnotes":""},"categories":[1],"tags":[],"class_list":["post-181884","post","type-post","status-publish","format-standard","hentry","category-startseite"],"_links":{"self":[{"href":"https:\/\/www.fuldaernachrichten.de\/index.php?rest_route=\/wp\/v2\/posts\/181884","targetHints":{"allow":["GET"]}}],"collection":[{"href":"https:\/\/www.fuldaernachrichten.de\/index.php?rest_route=\/wp\/v2\/posts"}],"about":[{"href":"https:\/\/www.fuldaernachrichten.de\/index.php?rest_route=\/wp\/v2\/types\/post"}],"author":[{"embeddable":true,"href":"https:\/\/www.fuldaernachrichten.de\/index.php?rest_route=\/wp\/v2\/users\/1"}],"replies":[{"embeddable":true,"href":"https:\/\/www.fuldaernachrichten.de\/index.php?rest_route=%2Fwp%2Fv2%2Fcomments&post=181884"}],"version-history":[{"count":1,"href":"https:\/\/www.fuldaernachrichten.de\/index.php?rest_route=\/wp\/v2\/posts\/181884\/revisions"}],"predecessor-version":[{"id":181885,"href":"https:\/\/www.fuldaernachrichten.de\/index.php?rest_route=\/wp\/v2\/posts\/181884\/revisions\/181885"}],"wp:attachment":[{"href":"https:\/\/www.fuldaernachrichten.de\/index.php?rest_route=%2Fwp%2Fv2%2Fmedia&parent=181884"}],"wp:term":[{"taxonomy":"category","embeddable":true,"href":"https:\/\/www.fuldaernachrichten.de\/index.php?rest_route=%2Fwp%2Fv2%2Fcategories&post=181884"},{"taxonomy":"post_tag","embeddable":true,"href":"https:\/\/www.fuldaernachrichten.de\/index.php?rest_route=%2Fwp%2Fv2%2Ftags&post=181884"}],"curies":[{"name":"wp","href":"https:\/\/api.w.org\/{rel}","templated":true}]}}