{"id":181852,"date":"2019-10-03T16:45:22","date_gmt":"2019-10-03T14:45:22","guid":{"rendered":"http:\/\/fuldaer-nachrichten.de\/?p=181852"},"modified":"2019-10-03T16:58:58","modified_gmt":"2019-10-03T14:58:58","slug":"40-jaehriges-dienstjubilaeum-von-ursula-stephan-in-der-kita-rothemann","status":"publish","type":"post","link":"https:\/\/www.fuldaernachrichten.de\/?p=181852","title":{"rendered":"40-j\u00e4hriges Dienstjubil\u00e4um von Ursula Stephan in der Kita Rothemann"},"content":{"rendered":"<p>Singen, Lachen, Vorlesen, Streit schlichten, Tr\u00e4nen trocken und \u201eauch nach 40 Jahren ist Dornr\u00f6schen immer noch sch\u00f6n!\u201c<\/p>\n<p>Anlass einer kleinen Feierstunde war das 40-j\u00e4hrige Dienstjubil\u00e4um von Ursula Stephan am 25. September 2019 in der Kindertagesst\u00e4tte \u201eG\u00e4nsebl\u00fcmchen\u201c Rothemann. B\u00fcrgermeister Dieter Kolb, Haupt- und Personalamtsleiter Marco Schlender sowie Personalratsvorsitzender Benjamin G\u00fcnder, gratulierten zu diesem besonderen Jubil\u00e4um. Nach erfolgreichem Ablegen ihres Staatsexamens als Staatl. anerkannte Erzieherin in 1979 und des sich anschlie\u00dfendem Anerkennungsjahres im Kindergarten Haimbach arbeitete Ursula Stephan noch ein Jahr im Mutterhaus Kindergarten Fischfeld bevor sie zum 01.10.1981 zur Gemeinde Eichenzell in den Kindergarten R\u00f6nshausen wechselte. Dort \u00fcbernahm sie die Kindergartenleitung und arbeitete bis zur Geburt ihres Sohnes Simon im Januar 1984. Nach 6 Monaten Mutterschutz- und Erziehungsurlaub zur\u00fcckgekehrt, arbeitete sie dort weiterhin als Leiterin bis zur Geburt ihrer Tochter Luisa im August 1987. Nach dem Erziehungsurlaub wechselte sie am 01.07.1988 zur Kindertagesst\u00e4tte Rothemann, wo sie bis heute mit viel Freude arbeitet.<\/p>\n<p>Durch ihre freundliche und ruhige Ausstrahlung ist Ursula Stephan sowohl bei den Kindern, als auch bei den Eltern und Kolleginnen besonders beliebt. Ihre stetige Bereitschaft sich weiterzubilden erm\u00f6glicht es ihr ihren Beruf mit gro\u00dfem Fachwissen und Kompetenz auszu\u00fcben. B\u00fcrgermeister Dieter Kolb w\u00fcrdigte im Beisein des Erzieherinnen-Teams und des Elternbeirates die langj\u00e4hrige, sehr gute p\u00e4dagogische und zuverl\u00e4ssige Arbeit von Ursula Stephan. Besonders erw\u00e4hnte er ihr hohes Ma\u00df an Kompetenz, Zuverl\u00e4ssigkeit und Verantwortungsbewusstsein, welches sie seit \u00fcber 40 Jahren in ihre Arbeit einbringt. Besonders ihre immer freundliche und aufgeschlossene Bereitschaft zur Teamarbeit sind sicherlich auch ein Grund f\u00fcr das gute Miteinander unter den Kolleginnen und die erfolgreiche Zusammenarbeit mit den Eltern und dem Elternbeirat. Als Zeichen der Anerkennung \u00fcberreichte B\u00fcrgermeister Kolb der Jubilarin eine Urkunde, einen Blumenstrau\u00df und ein Pr\u00e4sent des Gemeindevorstandes. Er w\u00fcnschte Ursula Stephan f\u00fcr die n\u00e4chsten Dienstjahre weiterhin viel Freude bei ihrer Arbeit mit den Kindern und pers\u00f6nlich alles Gute.<\/p>\n<p>Kristin Lock, Leiterin der Kindertagesst\u00e4tte, gratulierte Ursula Stephan in Form eines Gedichtes f\u00fcr die langj\u00e4hrige herzliche und liebevolle Betreuung der Kinder. Pers\u00f6nlich und auch im Namen des Erzieher-Teams dankte sie ihr f\u00fcr die immer freundliche und wertvolle Zusammenarbeit. Vom Elternbeirat gratulierten Cornelia R\u00f6ssner und Maria Kormann-Strom im Namen der Eltern und \u00fcberreichten als Dankesch\u00f6n f\u00fcr die gute Zusammenarbeit ein Gutscheinpr\u00e4sent.<\/p>\n","protected":false},"excerpt":{"rendered":"<div class=\"tmnf_excerpt\"><p>Singen, Lachen, Vorlesen, Streit schlichten, Tr\u00e4nen trocken und \u201eauch nach 40 Jahren ist Dornr\u00f6schen immer noch sch\u00f6n!\u201c Anlass einer kleinen Feierstunde war das 40-j\u00e4hrige Dienstjubil\u00e4um von Ursula Stephan am 25. September 2019 in der Kindertagesst\u00e4tte \u201eG\u00e4nsebl\u00fcmchen\u201c Rothemann. B\u00fcrgermeister Dieter Kolb, Haupt- und Personalamtsleiter Marco Schlender sowie Personalratsvorsitzender Benjamin G\u00fcnder, gratulierten zu diesem besonderen Jubil\u00e4um. Nach &hellip;<\/p>\n<\/div>","protected":false},"author":1,"featured_media":181853,"comment_status":"closed","ping_status":"closed","sticky":false,"template":"","format":"standard","meta":{"footnotes":""},"categories":[1],"tags":[],"class_list":["post-181852","post","type-post","status-publish","format-standard","has-post-thumbnail","hentry","category-startseite"],"_links":{"self":[{"href":"https:\/\/www.fuldaernachrichten.de\/index.php?rest_route=\/wp\/v2\/posts\/181852","targetHints":{"allow":["GET"]}}],"collection":[{"href":"https:\/\/www.fuldaernachrichten.de\/index.php?rest_route=\/wp\/v2\/posts"}],"about":[{"href":"https:\/\/www.fuldaernachrichten.de\/index.php?rest_route=\/wp\/v2\/types\/post"}],"author":[{"embeddable":true,"href":"https:\/\/www.fuldaernachrichten.de\/index.php?rest_route=\/wp\/v2\/users\/1"}],"replies":[{"embeddable":true,"href":"https:\/\/www.fuldaernachrichten.de\/index.php?rest_route=%2Fwp%2Fv2%2Fcomments&post=181852"}],"version-history":[{"count":3,"href":"https:\/\/www.fuldaernachrichten.de\/index.php?rest_route=\/wp\/v2\/posts\/181852\/revisions"}],"predecessor-version":[{"id":181856,"href":"https:\/\/www.fuldaernachrichten.de\/index.php?rest_route=\/wp\/v2\/posts\/181852\/revisions\/181856"}],"wp:featuredmedia":[{"embeddable":true,"href":"https:\/\/www.fuldaernachrichten.de\/index.php?rest_route=\/wp\/v2\/media\/181853"}],"wp:attachment":[{"href":"https:\/\/www.fuldaernachrichten.de\/index.php?rest_route=%2Fwp%2Fv2%2Fmedia&parent=181852"}],"wp:term":[{"taxonomy":"category","embeddable":true,"href":"https:\/\/www.fuldaernachrichten.de\/index.php?rest_route=%2Fwp%2Fv2%2Fcategories&post=181852"},{"taxonomy":"post_tag","embeddable":true,"href":"https:\/\/www.fuldaernachrichten.de\/index.php?rest_route=%2Fwp%2Fv2%2Ftags&post=181852"}],"curies":[{"name":"wp","href":"https:\/\/api.w.org\/{rel}","templated":true}]}}