{"id":181837,"date":"2019-10-03T16:09:12","date_gmt":"2019-10-03T14:09:12","guid":{"rendered":"http:\/\/fuldaer-nachrichten.de\/?p=181837"},"modified":"2019-10-03T16:10:13","modified_gmt":"2019-10-03T14:10:13","slug":"wohnortnahe-versorgung-unterstuetzen-und-staerken","status":"publish","type":"post","link":"https:\/\/www.fuldaernachrichten.de\/?p=181837","title":{"rendered":"Wohnortnahe Versorgung unterst\u00fctzen und st\u00e4rken"},"content":{"rendered":"<p>Die hessische Staatssekret\u00e4rin f\u00fcr Soziales und Integration, Anne Janz, fordert die Kommunen sowie die hessischen Haus\u00e4rztinnen und Haus\u00e4rzte auf, Antr\u00e4ge auf Unterst\u00fctzung durch eine Gemeindeschwester zu stellen. \u201eWir m\u00f6chten Menschen, die Hilfe brauchen, aber selbst keinen Weg finden, diese zu organisieren, mit einem Beratungsangebot von Gemeindeschwestern unterst\u00fctzen\u201c, so Anne Janz. Ziel sei es, diese Menschen in ihrer jeweiligen pers\u00f6nlichen Lebenssituation zu st\u00e4rken und zu stabilisieren, dazu beizutragen, eine Vereinsamung im Alter zu vermeiden, und f\u00fcr eine m\u00f6glichst langw\u00e4hrende Selbstst\u00e4ndigkeit zu sorgen. Dabei gehe es auch darum, den Eintritt von Pflegebed\u00fcrftigkeit so lange wie m\u00f6glich zu vermeiden.<!--more--><\/p>\n<p>F\u00fcr den Einsatz von Gemeindeschwestern 2.0 stehen im Haushaltsplan des Landes Hessen von 2020 bis 2024 Haushaltsmittel in H\u00f6he von 7.500.000 Euro zur Verf\u00fcgung. Die Landesf\u00f6rderung erm\u00f6glicht es Kommunen und Haus\u00e4rzten Gemeindeschwestern anzustellen, die mit den \u00f6rtlichen Altenhilfestrukturen zusammenarbeiten. In ihrer Funktion kann die Gemeindeschwester \u00e4ltere Menschen zu Hause besuchen und sich ein Bild von der Versorgungssituation verschaffen, um anschlie\u00dfend in enger Abstimmung mit den Betroffenen Unterst\u00fctzungsleistungen anzuregen und zu koordinieren. \u201eUm eine m\u00f6glichst fl\u00e4chendeckende Versorgung mit Leistungen zu etablieren, werden wir vorrangig sozialr\u00e4umliche Ans\u00e4tze f\u00f6rdern. Durch das entstehende Unterst\u00fctzungsnetz sollen \u00e4ltere Menschen trotz bestimmter Einschr\u00e4nkungen so lange wie m\u00f6glich in ihrer gewohnten Umgebung leben k\u00f6nnen\u201c, betont Anne Janz.<\/p>\n<p><strong>Hintergrund:<\/strong><br \/>\nDie F\u00f6rderausschreibung \u201eGemeindeschwester 2.0\u201c ist Teil der Offensive \u201eLand hat Zukunft \u2013 Heimat Hessen\u201c und soll die L\u00fccke zwischen medizinischer und psychosozialer Versorgung auch f\u00fcr Menschen, die noch keinen Pflegebedarf im Sinne des SGB XI haben, \u00fcber eine zentrale K\u00fcmmerer-Person schlie\u00dfen. Antragsberechtigt sind Haus\u00e4rztinnen und Haus\u00e4rzte sowie Kommunen, die eine entsprechend qualifizierte Fachkraft als Gemeindeschwester einsetzen m\u00f6chten.<\/p>\n<p>F\u00fcr die F\u00f6rderrunde 2020 k\u00f6nnen ab sofort Antr\u00e4ge bis zum 30.10.2019 eingereicht werden. Die Antragstellung erfolgt elektronisch per E-Mail an das Hessische Ministerium f\u00fcr Soziales und Integration \u00fcber gesundheitsnetze@hsm.hessen.de. Ein Vordruck zur Antragstellung steht auf der Internetseite <a href=\"Die F\u00f6rderausschreibung \u201eGemeindeschwester 2.0\u201c ist Teil der Offensive \u201eLand hat Zukunft \u2013 Heimat Hessen\u201c und soll die L\u00fccke zwischen medizinischer und psychosozialer Versorgung auch f\u00fcr Menschen, die noch keinen Pflegebedarf im Sinne des SGB XI haben, \u00fcber eine zentrale K\u00fcmmerer-Person schlie\u00dfen. Antragsberechtigt sind Haus\u00e4rztinnen und Haus\u00e4rzte sowie Kommunen, die eine entsprechend qualifizierte Fachkraft als Gemeindeschwester einsetzen m\u00f6chten.   F\u00fcr die F\u00f6rderrunde 2020 k\u00f6nnen ab sofort Antr\u00e4ge bis zum 30.10.2019 eingereicht werden. Die Antragstellung erfolgt elektronisch per E-Mail an das Hessische Ministerium f\u00fcr Soziales und Integration \u00fcber gesundheitsnetze@hsm.hessen.de. Ein Vordruck zur Antragstellung steht auf der Internetseite www.soziales.hessen.de\/gesundheit zur Verf\u00fcgung. Im Antrag sollte ein erkennbares Konzept zur Ausweitung der bisherigen T\u00e4tigkeiten im Bereich der sozialen Unterst\u00fctzung \u00e4lterer Menschen enthalten sein.\" target=\"_blank\" rel=\"noopener noreferrer\">www.soziales.hessen.de\/gesundheit<\/a> zur Verf\u00fcgung. Im Antrag sollte ein erkennbares Konzept zur Ausweitung der bisherigen T\u00e4tigkeiten im Bereich der sozialen Unterst\u00fctzung \u00e4lterer Menschen enthalten sein.<\/p>\n","protected":false},"excerpt":{"rendered":"<div class=\"tmnf_excerpt\"><p>Die hessische Staatssekret\u00e4rin f\u00fcr Soziales und Integration, Anne Janz, fordert die Kommunen sowie die hessischen Haus\u00e4rztinnen und Haus\u00e4rzte auf, Antr\u00e4ge auf Unterst\u00fctzung durch eine Gemeindeschwester zu stellen. \u201eWir m\u00f6chten Menschen, die Hilfe brauchen, aber selbst keinen Weg finden, diese zu organisieren, mit einem Beratungsangebot von Gemeindeschwestern unterst\u00fctzen\u201c, so Anne Janz. Ziel sei es, diese Menschen &hellip;<\/p>\n<\/div>","protected":false},"author":1,"featured_media":0,"comment_status":"closed","ping_status":"closed","sticky":false,"template":"","format":"standard","meta":{"footnotes":""},"categories":[1],"tags":[],"class_list":["post-181837","post","type-post","status-publish","format-standard","hentry","category-startseite"],"_links":{"self":[{"href":"https:\/\/www.fuldaernachrichten.de\/index.php?rest_route=\/wp\/v2\/posts\/181837","targetHints":{"allow":["GET"]}}],"collection":[{"href":"https:\/\/www.fuldaernachrichten.de\/index.php?rest_route=\/wp\/v2\/posts"}],"about":[{"href":"https:\/\/www.fuldaernachrichten.de\/index.php?rest_route=\/wp\/v2\/types\/post"}],"author":[{"embeddable":true,"href":"https:\/\/www.fuldaernachrichten.de\/index.php?rest_route=\/wp\/v2\/users\/1"}],"replies":[{"embeddable":true,"href":"https:\/\/www.fuldaernachrichten.de\/index.php?rest_route=%2Fwp%2Fv2%2Fcomments&post=181837"}],"version-history":[{"count":2,"href":"https:\/\/www.fuldaernachrichten.de\/index.php?rest_route=\/wp\/v2\/posts\/181837\/revisions"}],"predecessor-version":[{"id":181839,"href":"https:\/\/www.fuldaernachrichten.de\/index.php?rest_route=\/wp\/v2\/posts\/181837\/revisions\/181839"}],"wp:attachment":[{"href":"https:\/\/www.fuldaernachrichten.de\/index.php?rest_route=%2Fwp%2Fv2%2Fmedia&parent=181837"}],"wp:term":[{"taxonomy":"category","embeddable":true,"href":"https:\/\/www.fuldaernachrichten.de\/index.php?rest_route=%2Fwp%2Fv2%2Fcategories&post=181837"},{"taxonomy":"post_tag","embeddable":true,"href":"https:\/\/www.fuldaernachrichten.de\/index.php?rest_route=%2Fwp%2Fv2%2Ftags&post=181837"}],"curies":[{"name":"wp","href":"https:\/\/api.w.org\/{rel}","templated":true}]}}