{"id":181827,"date":"2019-10-03T15:56:11","date_gmt":"2019-10-03T13:56:11","guid":{"rendered":"http:\/\/fuldaer-nachrichten.de\/?p=181827"},"modified":"2019-11-05T10:43:59","modified_gmt":"2019-11-05T09:43:59","slug":"der-fuldaer-buecherwurm-lesung-in-der-kinder-akademie-fulda","status":"publish","type":"post","link":"https:\/\/www.fuldaernachrichten.de\/?p=181827","title":{"rendered":"Der Fuldaer B\u00fccherwurm &#8211; Lesung in der Kinder-Akademie Fulda"},"content":{"rendered":"<p>Wolfgang Hohlbein liest aus ARMAGEDDON II<\/p>\n<p><strong>Termin: Donnerstag, 14. November 2019, 17.30 Uhr<\/strong><\/p>\n<p>Tickets ab sofort erh\u00e4ltlich!<\/p>\n<p><strong>Aus dem Inhalt<\/strong><br \/>\nJericho ist gefallen, und Beka hat alles verloren: Yoram, ihren Vater und all die anderen, die mit ihr in den zerst\u00f6rten St\u00e4dten des gelobten Landes gegen die Engel gek\u00e4mpft hatten. Da trifft sie auf Lukas, der ihr Hoffnung macht, die Vermissten zu finden, und mehr noch: mithilfe der Bundeslade die Vorherrschaft der Seraphim brechen zu k\u00f6nnen. Doch die Engel wissen davon und sp\u00fcren sie auf. Und als pl\u00f6tzlich am Horizont auch noch schwarze Kampfhubschrauber auftauchen, gibt es kein Entrinnen mehr. Beka wird getroffen. Als sie wieder zu sich kommt, ist sie zun\u00e4chst orientierungslos. Erst beim Anblick des bizarr verformten Petersdoms begreift sie, dass man sie nach Rom verschleppt hat. Und dass der Wahnsinn gerade erst beginnt&#8230;<!--more--><\/p>\n<p><strong>\u00dcber Wolfgang Hohlbein<\/strong><br \/>\nAls Wolfgang Hohlbein in den 80er Jahren seine ersten gro\u00dfen Erfolge feierte, verhalf er damit auch der deutschen Fantasy zum Durchbruch. M\u00c4RCHENMOND, ENWOR, DAS DRUIDENTOR, die 2019 verfilmte WOLF-G\u00c4NG \u2013 die B\u00fccher mit diesen Titeln gelten als Meilensteile deutscher Phantastik.<br \/>\nIn 30 Jahren war Wolfgang Hohlbein mehr als 2.000 Mal bei Events und Lesungen vor Ort. &#8220;Wenn das Reisen nicht w\u00e4re, dann w\u00e4re ich sicherlich noch viel h\u00e4ufiger auf Tour.&#8221; Denn der direkte Kontakt ist dem geb\u00fcrtigen Weimarer nach wie vor sehr wichtig. &#8220;Ich lese ausgesprochen gerne. Aber noch spannender finde ich die anschlie\u00dfenden Fragerunden, bei denen ich nach wie vor mit \u00dcberraschendem konfrontiert werde.&#8221;<br \/>\nWolfgang Hohlbein, 1953 in Weimar geboren, ist mit einer Gesamtauflage von 44 Millionen B\u00fcchern Deutschlands erfolgreichster Fantasy-Autor. Der Durchbruch gelang ihm 1983 mit dem vielfach preisgekr\u00f6nten Roman M\u00c4RCHENMOND. Dutzende weiterer Bestseller wie DAS DRUIDENTOR, AZREAL und der mit dem RPC Fantasy Award 2012 ausgezeichnete Roman THOR folgten. Das Highlight in 2019 ist der mit Stars besetzte Hohlbein Kinofilm DIE WOLF-G\u00c4NG mit begleitender Buchver\u00f6ffentlichung. Hohlbeins Lebensmittelpunkt ist seine Familie. Er lebt mit seiner Frau und Co-Autorin Heike, seinen Kindern und mehreren Hunden und Katzen am Niederrhein.<\/p>\n<p>Eintritt\/Person:<br \/>\nVorverkauf: 9 \u00e2\u201a\u00ac<br \/>\nAbendkasse: 12 \u00e2\u201a\u00ac<br \/>\nKarten erhalten Sie ausschlie\u00dflich in der Kinder-Akademie Fulda<\/p>\n<p>Kinder-Akademie Fulda<br \/>\nMehlerstra\u00dfe 8<br \/>\n36043 Fulda<br \/>\nTelefon 0661.90273-0 \/ <a href=\"http:\/\/www.kaf.de\" target=\"_blank\" rel=\"noopener noreferrer\">www.kaf.de<\/a><\/p>\n","protected":false},"excerpt":{"rendered":"<div class=\"tmnf_excerpt\"><p>Wolfgang Hohlbein liest aus ARMAGEDDON II Termin: Donnerstag, 14. November 2019, 17.30 Uhr Tickets ab sofort erh\u00e4ltlich! Aus dem Inhalt Jericho ist gefallen, und Beka hat alles verloren: Yoram, ihren Vater und all die anderen, die mit ihr in den zerst\u00f6rten St\u00e4dten des gelobten Landes gegen die Engel gek\u00e4mpft hatten. Da trifft sie auf Lukas, &hellip;<\/p>\n<\/div>","protected":false},"author":1,"featured_media":0,"comment_status":"closed","ping_status":"closed","sticky":false,"template":"","format":"standard","meta":{"footnotes":""},"categories":[1],"tags":[],"class_list":["post-181827","post","type-post","status-publish","format-standard","hentry","category-startseite"],"_links":{"self":[{"href":"https:\/\/www.fuldaernachrichten.de\/index.php?rest_route=\/wp\/v2\/posts\/181827","targetHints":{"allow":["GET"]}}],"collection":[{"href":"https:\/\/www.fuldaernachrichten.de\/index.php?rest_route=\/wp\/v2\/posts"}],"about":[{"href":"https:\/\/www.fuldaernachrichten.de\/index.php?rest_route=\/wp\/v2\/types\/post"}],"author":[{"embeddable":true,"href":"https:\/\/www.fuldaernachrichten.de\/index.php?rest_route=\/wp\/v2\/users\/1"}],"replies":[{"embeddable":true,"href":"https:\/\/www.fuldaernachrichten.de\/index.php?rest_route=%2Fwp%2Fv2%2Fcomments&post=181827"}],"version-history":[{"count":2,"href":"https:\/\/www.fuldaernachrichten.de\/index.php?rest_route=\/wp\/v2\/posts\/181827\/revisions"}],"predecessor-version":[{"id":182787,"href":"https:\/\/www.fuldaernachrichten.de\/index.php?rest_route=\/wp\/v2\/posts\/181827\/revisions\/182787"}],"wp:attachment":[{"href":"https:\/\/www.fuldaernachrichten.de\/index.php?rest_route=%2Fwp%2Fv2%2Fmedia&parent=181827"}],"wp:term":[{"taxonomy":"category","embeddable":true,"href":"https:\/\/www.fuldaernachrichten.de\/index.php?rest_route=%2Fwp%2Fv2%2Fcategories&post=181827"},{"taxonomy":"post_tag","embeddable":true,"href":"https:\/\/www.fuldaernachrichten.de\/index.php?rest_route=%2Fwp%2Fv2%2Ftags&post=181827"}],"curies":[{"name":"wp","href":"https:\/\/api.w.org\/{rel}","templated":true}]}}