{"id":181821,"date":"2019-10-01T18:10:47","date_gmt":"2019-10-01T16:10:47","guid":{"rendered":"http:\/\/fuldaer-nachrichten.de\/?p=181821"},"modified":"2019-10-02T18:13:00","modified_gmt":"2019-10-02T16:13:00","slug":"cdu-und-mit-vor-ort-information-zur-entwicklung-des-bad-salzschlirfer-gewerbegebietes-am-steinhauck-mit-mdl-thomas-hering","status":"publish","type":"post","link":"https:\/\/www.fuldaernachrichten.de\/?p=181821","title":{"rendered":"CDU und MIT vor Ort: Information zur Entwicklung des Bad Salzschlirfer Gewerbegebietes \u201eAm Steinhauck\u201c mit MdL Thomas Hering"},"content":{"rendered":"<p>Im Bad Salzschlirfer Gewerbegebiet hat die \u00f6rtliche CDU in Kooperation mit der Mittelstandsvereinigung Gro\u00dfenl\u00fcder- Bad Salzschlirf (MIT) Mitgliedsbetriebe besichtigt. In Begleitung von Landtagsabgeordnetem Thomas Hering sowie B\u00fcrgermeister Matthias K\u00fcbel konnten sich die Teilnehmer einen \u00dcberblick \u00fcber die j\u00fcngsten und geplanten Ansiedlungen machen und Einblicke in die Arbeit dieser Unternehmen nehmen.<!--more--><\/p>\n<p>Das Zimmerei- und Holzbauunternehmen Dietmar Dimmerling ist seit wenigen Jahren im Gewerbegebiet ans\u00e4ssig. In seiner innovativen Holzhalle mit beeindruckenden Dachkonstruktion aus Holzleimbindern f\u00fchrt Zimmerermeister Dietmar Dimmerling gemeinsam mit seiner Frau das Unternehmen als Partner von Einer. Alles. Sauber. Der auch in Gro\u00dfenl\u00fcder- M\u00fcs ans\u00e4ssige Betrieb bietet Komplettl\u00f6sungen f\u00fcr den Hausausbau und -modernisierung. Nach einem kurzen R\u00fcckblick in die Firmengeschichte berichtete der Inhaber \u00fcber sein vielf\u00e4ltiges Angebotsportfolio.<\/p>\n<p>Das seit vielen Jahren in Bad Salzschlirf ans\u00e4ssige Unternehmen HOTREGA produziert Reinigungsmittel aller Art und geh\u00f6rt zur Technolitgruppe. Die Gesch\u00e4ftsf\u00fchrer Simone Lang und Stephan G\u00fcnther sowie Prokurist Michael Hoffmann boten den Teilnehmern eine exklusive F\u00fchrung durch die Produktionshalle. Als weitere Tochter des Gro\u00dfenl\u00fcderer Unternehmens weihte die Firma Wilpeg k\u00fcrzlich eine neue Halle ein, die als Versandlager f\u00fcr das Onlinevertriebsportal www.werkstatt-king.de. Zum Tag der offenen T\u00fcr fand der Termin der CDU- Vertreter dort seinen Abschluss bei Gegrilltem und netzwerkenden Gespr\u00e4chen.<\/p>\n<p>B\u00fcrgermeister Matthias K\u00fcbel war der Einladung der Veranstalter gefolgt und berichtete \u00fcber die Schwerpunkte der angesiedelten Unternehmen und das von der Gemeinde aufgestellte Erweiterungskonzept. Gemeinsam mit dem teilnehmenden Landtagsabgeordneten Thomas Hering bem\u00fcht er sich um eine F\u00f6rderung der Landesregierung f\u00fcr die strukturelle Erweiterung in Bad Salzschlirf.<\/p>\n<p>Unter dem Motto CDU vor Ort haben es sich Mitglieder und Gemeindevertreter der CDU zur Aufgabe gemacht, sich \u00fcber aktuelle kommunalpolitische Themen des Kurortes vor Ort ein Bild zu machen. Der Ausbau des Gewerbegebietes ist eine wichtige Zukunftsaufgabe der Gemeinde, um die wirtschaftliche Leistungsf\u00e4higkeit zu erhalten und die Ausrichtung des Ortes als Gesundheits- und Tourismusstandort zu erg\u00e4nzen.<\/p>\n<p>Die Vorsitzende der Mittelstandsvereinigung Gro\u00dfenl\u00fcder- Bad Salzschlirf, Luzia Bickert war sich mit dem Gemeindeverbandsvorsitzenden der CDU Bad Salzschlirf, Herbert Post einig, dass die gelungene Kooperation zu dieser Veranstaltung den Teilnehmenden einen interessanten Einblick in die wirtschaftliche Leistungsf\u00e4higkeit der Region erm\u00f6glichte.<\/p>\n","protected":false},"excerpt":{"rendered":"<div class=\"tmnf_excerpt\"><p>Im Bad Salzschlirfer Gewerbegebiet hat die \u00f6rtliche CDU in Kooperation mit der Mittelstandsvereinigung Gro\u00dfenl\u00fcder- Bad Salzschlirf (MIT) Mitgliedsbetriebe besichtigt. In Begleitung von Landtagsabgeordnetem Thomas Hering sowie B\u00fcrgermeister Matthias K\u00fcbel konnten sich die Teilnehmer einen \u00dcberblick \u00fcber die j\u00fcngsten und geplanten Ansiedlungen machen und Einblicke in die Arbeit dieser Unternehmen nehmen.<\/p>\n<\/div>","protected":false},"author":1,"featured_media":181822,"comment_status":"closed","ping_status":"closed","sticky":false,"template":"","format":"standard","meta":{"footnotes":""},"categories":[1],"tags":[],"class_list":["post-181821","post","type-post","status-publish","format-standard","has-post-thumbnail","hentry","category-startseite"],"_links":{"self":[{"href":"https:\/\/www.fuldaernachrichten.de\/index.php?rest_route=\/wp\/v2\/posts\/181821","targetHints":{"allow":["GET"]}}],"collection":[{"href":"https:\/\/www.fuldaernachrichten.de\/index.php?rest_route=\/wp\/v2\/posts"}],"about":[{"href":"https:\/\/www.fuldaernachrichten.de\/index.php?rest_route=\/wp\/v2\/types\/post"}],"author":[{"embeddable":true,"href":"https:\/\/www.fuldaernachrichten.de\/index.php?rest_route=\/wp\/v2\/users\/1"}],"replies":[{"embeddable":true,"href":"https:\/\/www.fuldaernachrichten.de\/index.php?rest_route=%2Fwp%2Fv2%2Fcomments&post=181821"}],"version-history":[{"count":1,"href":"https:\/\/www.fuldaernachrichten.de\/index.php?rest_route=\/wp\/v2\/posts\/181821\/revisions"}],"predecessor-version":[{"id":181823,"href":"https:\/\/www.fuldaernachrichten.de\/index.php?rest_route=\/wp\/v2\/posts\/181821\/revisions\/181823"}],"wp:featuredmedia":[{"embeddable":true,"href":"https:\/\/www.fuldaernachrichten.de\/index.php?rest_route=\/wp\/v2\/media\/181822"}],"wp:attachment":[{"href":"https:\/\/www.fuldaernachrichten.de\/index.php?rest_route=%2Fwp%2Fv2%2Fmedia&parent=181821"}],"wp:term":[{"taxonomy":"category","embeddable":true,"href":"https:\/\/www.fuldaernachrichten.de\/index.php?rest_route=%2Fwp%2Fv2%2Fcategories&post=181821"},{"taxonomy":"post_tag","embeddable":true,"href":"https:\/\/www.fuldaernachrichten.de\/index.php?rest_route=%2Fwp%2Fv2%2Ftags&post=181821"}],"curies":[{"name":"wp","href":"https:\/\/api.w.org\/{rel}","templated":true}]}}