{"id":181799,"date":"2019-10-01T20:58:10","date_gmt":"2019-10-01T18:58:10","guid":{"rendered":"http:\/\/fuldaer-nachrichten.de\/?p=181799"},"modified":"2019-10-01T20:58:10","modified_gmt":"2019-10-01T18:58:10","slug":"infoabend-lendenwirbelsaeule","status":"publish","type":"post","link":"https:\/\/www.fuldaernachrichten.de\/?p=181799","title":{"rendered":"Infoabend Lendenwirbels\u00e4ule"},"content":{"rendered":"<p>Die Vitos Orthop\u00e4dische Klinik Kassel l\u00e4dt zu einem Infoabend zum Thema \u201eDie Behandlung von Erkrankungen der Lendenwirbels\u00e4ule\u201c mit dem Leitenden Oberarzt Dr. Sebastian Siegert ein.<\/p>\n<p>Infoabend: \u201eErkrankungen der Lendenwirbels\u00e4ule: konservative und operative Behandlungsm\u00f6glichkeiten\u201c<\/p>\n<p><strong>Datum: Donnerstag, 10. Oktober 2019, 18.00 Uhr<br \/>\nOrt: Vitos Orthop\u00e4dische Klinik Kassel<br \/>\nWilhelmsh\u00f6her Allee 345, 2. Stock (S\u00fcdfl\u00fcgel\/Konferenzbereich)<\/strong><\/p>\n<p>Schmerzen an der Lendenwirbels\u00e4ule plagen viele Patienten. Die Ursachen daf\u00fcr sind ganz unterschiedlich: Bandscheibenvorf\u00e4lle, Wirbelkanalstenosen, Wirbelbr\u00fcche aber auch muskul\u00e4re Defizite k\u00f6nnen schmerzausl\u00f6send wirken. Doch in welchen F\u00e4llen ist eine Operation angeraten? Und wann eignen sich andere Therapien besser?<br \/>\nDr. Sebastian Siegert, Leitender Oberarzt in der Abteilung Wirbels\u00e4ulenorthop\u00e4die, geht bei seinem Patienteninfoabend auf die verschiedenen konservativen und operativen Therapiem\u00f6glichkeiten bei Erkrankungen an der Lendenwirbels\u00e4ule ein, die in der orthop\u00e4dischen Fachklinik umfassend und nach modernsten Erkenntnissen behandelt werden.<\/p>\n<p>Nach der Veranstaltung besteht ausreichend M\u00f6glichkeit zur Diskussion<\/p>\n","protected":false},"excerpt":{"rendered":"<div class=\"tmnf_excerpt\"><p>Die Vitos Orthop\u00e4dische Klinik Kassel l\u00e4dt zu einem Infoabend zum Thema \u201eDie Behandlung von Erkrankungen der Lendenwirbels\u00e4ule\u201c mit dem Leitenden Oberarzt Dr. Sebastian Siegert ein. Infoabend: \u201eErkrankungen der Lendenwirbels\u00e4ule: konservative und operative Behandlungsm\u00f6glichkeiten\u201c Datum: Donnerstag, 10. Oktober 2019, 18.00 Uhr Ort: Vitos Orthop\u00e4dische Klinik Kassel Wilhelmsh\u00f6her Allee 345, 2. Stock (S\u00fcdfl\u00fcgel\/Konferenzbereich) Schmerzen an der Lendenwirbels\u00e4ule &hellip;<\/p>\n<\/div>","protected":false},"author":1,"featured_media":181800,"comment_status":"closed","ping_status":"closed","sticky":false,"template":"","format":"standard","meta":{"footnotes":""},"categories":[1],"tags":[],"class_list":["post-181799","post","type-post","status-publish","format-standard","has-post-thumbnail","hentry","category-startseite"],"_links":{"self":[{"href":"https:\/\/www.fuldaernachrichten.de\/index.php?rest_route=\/wp\/v2\/posts\/181799","targetHints":{"allow":["GET"]}}],"collection":[{"href":"https:\/\/www.fuldaernachrichten.de\/index.php?rest_route=\/wp\/v2\/posts"}],"about":[{"href":"https:\/\/www.fuldaernachrichten.de\/index.php?rest_route=\/wp\/v2\/types\/post"}],"author":[{"embeddable":true,"href":"https:\/\/www.fuldaernachrichten.de\/index.php?rest_route=\/wp\/v2\/users\/1"}],"replies":[{"embeddable":true,"href":"https:\/\/www.fuldaernachrichten.de\/index.php?rest_route=%2Fwp%2Fv2%2Fcomments&post=181799"}],"version-history":[{"count":1,"href":"https:\/\/www.fuldaernachrichten.de\/index.php?rest_route=\/wp\/v2\/posts\/181799\/revisions"}],"predecessor-version":[{"id":181801,"href":"https:\/\/www.fuldaernachrichten.de\/index.php?rest_route=\/wp\/v2\/posts\/181799\/revisions\/181801"}],"wp:featuredmedia":[{"embeddable":true,"href":"https:\/\/www.fuldaernachrichten.de\/index.php?rest_route=\/wp\/v2\/media\/181800"}],"wp:attachment":[{"href":"https:\/\/www.fuldaernachrichten.de\/index.php?rest_route=%2Fwp%2Fv2%2Fmedia&parent=181799"}],"wp:term":[{"taxonomy":"category","embeddable":true,"href":"https:\/\/www.fuldaernachrichten.de\/index.php?rest_route=%2Fwp%2Fv2%2Fcategories&post=181799"},{"taxonomy":"post_tag","embeddable":true,"href":"https:\/\/www.fuldaernachrichten.de\/index.php?rest_route=%2Fwp%2Fv2%2Ftags&post=181799"}],"curies":[{"name":"wp","href":"https:\/\/api.w.org\/{rel}","templated":true}]}}