{"id":181787,"date":"2019-10-01T20:39:56","date_gmt":"2019-10-01T18:39:56","guid":{"rendered":"http:\/\/fuldaer-nachrichten.de\/?p=181787"},"modified":"2019-10-01T20:39:56","modified_gmt":"2019-10-01T18:39:56","slug":"familientag-des-bdh-kreisverbandes-fulda-gertrud-schiemann-fuer-70-jaehrige-mitgliedschaft-geehrt","status":"publish","type":"post","link":"https:\/\/www.fuldaernachrichten.de\/?p=181787","title":{"rendered":"Familientag des BDH Kreisverbandes Fulda \/ Gertrud Schiemann f\u00fcr 70-j\u00e4hrige Mitgliedschaft geehrt"},"content":{"rendered":"<p>Der BDH Kreisverband Fulda veranstaltete am 29. September 2019 im neuen B\u00fcrgerzentrum \u201eZiehers S\u00fcd\u201c in Fulda seinen diesj\u00e4hrigen Familientag.<\/p>\n<p>Kreisverbandsvorsitzende Sandra Deuter begr\u00fc\u00dfte die zahlreich erschienenen Mitglieder und ihre Angeh\u00f6rigen. Ein besonderer Gru\u00df ging an Herrn Dr. Thomas Urbach, Leiter der Unternehmenskommunikation des BDH sowie an Herrn Siegfried Buser, Oberarzt der BDH-Klinik Elzach im Schwarzwald. Herr Dr. Urbach berichtete von aktuellen Geschehnissen im BDH und bedankte sich f\u00fcr die hervorragende Arbeit, die der BDH-Kreisverband in Fulda f\u00fcr seine Mitglieder und die B\u00fcrger in Stadt und Landkreis Fulda leistet. Als Sozialverband sei der BDH inzwischen fester Bestandteil in der hiesigen Region und f\u00fcr seine wertvolle Hilfe f\u00fcr betroffene B\u00fcrger bekannt.<!--more--><\/p>\n<p>Viele Mitglieder konnten f\u00fcr ihre langj\u00e4hrige Zugeh\u00f6rigkeit zum BDH geehrt werden. F\u00fcr ihre 70-j\u00e4hrige Mitgliedschaft im BDH wurde Gertrud Schiemann geehrt. Sie hatte gemeinsam mit ihrem im Krieg hirnverletzten Mann seit 1949 den Aufbau des BDH in Hessen begleitet. F\u00fcr 55 Jahre Treue zum BDH wurde Herr Rudolf Volkmar ausgezeichnet. Rainer Jahn kann auf eine 25-j\u00e4hrige Mitgliedschaft zur\u00fcckblicken. Vier Mitglieder k\u00f6nnen das zehn-, bzw. zwanzigj\u00e4hrige Jubil\u00e4um feiern.<\/p>\n<p>Der gem\u00fctliche Teil des traditionellen Familientreffens wurde mit musikalischen Beitr\u00e4gen der Musiker Manfred Gritsch, Fred Ulrich und Horst Planer gestaltet, die mit frohen Liedern die G\u00e4ste der Feier begeisterten.<\/p>\n<p>Wie in jedem Jahr brachten flei\u00dfige Mitglieder einen selbstgebackenen Kuchen mit. Und so konnte auch dieses Mal wieder bei Kaffee und Kuchen ein fr\u00f6hliches Familienfest gefeiert werden.<\/p>\n","protected":false},"excerpt":{"rendered":"<div class=\"tmnf_excerpt\"><p>Der BDH Kreisverband Fulda veranstaltete am 29. September 2019 im neuen B\u00fcrgerzentrum \u201eZiehers S\u00fcd\u201c in Fulda seinen diesj\u00e4hrigen Familientag. Kreisverbandsvorsitzende Sandra Deuter begr\u00fc\u00dfte die zahlreich erschienenen Mitglieder und ihre Angeh\u00f6rigen. Ein besonderer Gru\u00df ging an Herrn Dr. Thomas Urbach, Leiter der Unternehmenskommunikation des BDH sowie an Herrn Siegfried Buser, Oberarzt der BDH-Klinik Elzach im Schwarzwald. &hellip;<\/p>\n<\/div>","protected":false},"author":1,"featured_media":181788,"comment_status":"closed","ping_status":"closed","sticky":false,"template":"","format":"standard","meta":{"footnotes":""},"categories":[1],"tags":[],"class_list":["post-181787","post","type-post","status-publish","format-standard","has-post-thumbnail","hentry","category-startseite"],"_links":{"self":[{"href":"https:\/\/www.fuldaernachrichten.de\/index.php?rest_route=\/wp\/v2\/posts\/181787","targetHints":{"allow":["GET"]}}],"collection":[{"href":"https:\/\/www.fuldaernachrichten.de\/index.php?rest_route=\/wp\/v2\/posts"}],"about":[{"href":"https:\/\/www.fuldaernachrichten.de\/index.php?rest_route=\/wp\/v2\/types\/post"}],"author":[{"embeddable":true,"href":"https:\/\/www.fuldaernachrichten.de\/index.php?rest_route=\/wp\/v2\/users\/1"}],"replies":[{"embeddable":true,"href":"https:\/\/www.fuldaernachrichten.de\/index.php?rest_route=%2Fwp%2Fv2%2Fcomments&post=181787"}],"version-history":[{"count":1,"href":"https:\/\/www.fuldaernachrichten.de\/index.php?rest_route=\/wp\/v2\/posts\/181787\/revisions"}],"predecessor-version":[{"id":181789,"href":"https:\/\/www.fuldaernachrichten.de\/index.php?rest_route=\/wp\/v2\/posts\/181787\/revisions\/181789"}],"wp:featuredmedia":[{"embeddable":true,"href":"https:\/\/www.fuldaernachrichten.de\/index.php?rest_route=\/wp\/v2\/media\/181788"}],"wp:attachment":[{"href":"https:\/\/www.fuldaernachrichten.de\/index.php?rest_route=%2Fwp%2Fv2%2Fmedia&parent=181787"}],"wp:term":[{"taxonomy":"category","embeddable":true,"href":"https:\/\/www.fuldaernachrichten.de\/index.php?rest_route=%2Fwp%2Fv2%2Fcategories&post=181787"},{"taxonomy":"post_tag","embeddable":true,"href":"https:\/\/www.fuldaernachrichten.de\/index.php?rest_route=%2Fwp%2Fv2%2Ftags&post=181787"}],"curies":[{"name":"wp","href":"https:\/\/api.w.org\/{rel}","templated":true}]}}