{"id":181776,"date":"2019-10-01T20:27:30","date_gmt":"2019-10-01T18:27:30","guid":{"rendered":"http:\/\/fuldaer-nachrichten.de\/?p=181776"},"modified":"2019-10-01T20:30:26","modified_gmt":"2019-10-01T18:30:26","slug":"abschaffung-der-strassenausbaubeitraege-in-flieden","status":"publish","type":"post","link":"https:\/\/www.fuldaernachrichten.de\/?p=181776","title":{"rendered":"Abschaffung der Stra\u00dfenausbaubeitr\u00e4ge in Flieden"},"content":{"rendered":"<p>Eine gro\u00dfe Anzahl interessierter B\u00fcrgerinnen und B\u00fcrger waren der Einladung gefolgt, um sich von den drei Fachreferenten Frau Andrea M\u00fcller-Nadjm von der AG \u201eStra\u00dfenbeitragsfreies Hessen\u201c, Herrn Ulrich Dehler von der BI Petersberg und Herr Joachim Weber von der BI Eichenzell umfassend und kompetent \u00fcber alle bisherigen Bem\u00fchungen, Initiativen und Erfolge der \u00fcber 70 BI landesweit informieren zu lassen.<br \/>\nVorsitzender Michael Wahl und der Fliedner Kreistagsabgeordnete Winfried M\u00f6ller begr\u00fc\u00dften die \u00fcberwiegend aus Flieden gekommenen G\u00e4ste und erl\u00e4uterten die Situation im Kreis und in der Gemeinde Flieden. Schriftlich entschuldigt hatte sich B\u00fcrgermeister Christian Henkel (CDU), und f\u00fchrte dabei aus, falls sich die Gr\u00fcndung einer BI ergibt, stehe er f\u00fcr weitere Gespr\u00e4che gerne zur Verf\u00fcgung!<br \/>\n<!--more--><br \/>\nFrau Andrea M\u00fcller-Nadjm berichtete \u00fcber die bisherigen Gesetzentw\u00fcrfe der Fraktionen Die Linken (seit Anfang 2018) und der SPD (seit Fr\u00fchsommer 2018) zur Abschaffung der Stra\u00dfenausbaubeitr\u00e4ge und finanziellen Kompensation aus origin\u00e4ren Steuermitteln f\u00fcr den Anliegeranteil, also die Stra\u00dfenbeitragsgeb\u00fchr, im kommunalen Stra\u00dfenausbau landesweit. \u201eObwohl auch ca. 99% aller Anzuh\u00f6renden, darunter Herr Karl-Christian Schelzke, Gesch\u00e4ftsf\u00fchrender Direktor des Hessischen St\u00e4dte-und Gemeindebundes, als Interessenvertreter der Kommunen, der Verband Wohneigentum, der Bund der Steuerzahler, der Mieterbund, B\u00fcrgermeister und Sprecher der \u00fcber 70 Bi im Landtag eine komplette Abschaffung der Beitr\u00e4ge und die \u00dcbernahme der Anliegeranteile durch das Land forderten, stimmte die Schwarz-Gr\u00fcne Landesregierung am 26.09 zum 3. Mal gegen die eingebrachten Gesetzentw\u00fcrfe. Auch unsere lokalen Mandatstr\u00e4ger: Markus Meysner und Thomas Hering (CDU) und Sylvia Br\u00fcnnel und Markus Hofmann (B\u00fcndnis 90\/Die Gr\u00fcnen) stimmten namentlich gegen die Entlastung der B\u00fcrger, anders als in vielen anderen Bundesl\u00e4ndern, wo die Beitr\u00e4ge l\u00e4ngst der Vergangenheit angeh\u00f6ren.<\/p>\n<p>Aufgefallen sei dabei insbesondere der aus Flieden kommende Landtagsabgeordnete Markus Hofmann (GR\u00dcNE) mit einer \u00c4u\u00dferung in seinem Redebeitrag, dass \u201ealle Grundbesitzer ohnehin reich seien\u201c, so Frau M\u00fcller-Nadjm w\u00f6rtlich und betont: \u201eWenn in nur drei Jahren von 2015 bis 2017 fast 2.000 hessische Grundst\u00fcckseigent\u00fcmer zwischen 10.000 und 25.000 Euro als Stra\u00dfenausbaubeitrag zahlen mussten, und 435 Eigent\u00fcmer sogar mehr als 25.000 Euro bis hin zu unfassbaren 135.000 Euro, kann das als Altersvorsorge gedachte Eigenheim schnell zur Armutsfalle werden. Durch die vermehrte Baut\u00e4tigkeit und die gestiegenen Tiefbaupreise k\u00f6nnten in Zukunft sogar noch h\u00f6here Beitragsforderungen auf die Anlieger zukommen.\u201c<\/p>\n<p>Ulrich Dehler berichtete \u00fcber den Erfolg seiner BI in Petersberg, wo die Stra\u00dfenausbaubeitr\u00e4ge r\u00fcckwirkend zum 07. Juni 2018 g\u00e4nzlich abgeschafft wurden. Bereits gezahlte Vorausleistungen f\u00fcr noch nicht abgeschlossene Projekte wurden erstattet. Auch Joachim Weber schilderte sehr aufschlussreich den langen Weg seiner BI im Kampf gegen die Heranziehung der Stra\u00dfenausbaukosten f\u00fcr den Ausbau einer Stra\u00dfe im Wohnviertel \u201eSachsenhausen\u201c des Ortsteils Eichenzell.<\/p>\n<p>Anschlie\u00dfend erfolgte eine rege Diskussion, an deren Ende die Gr\u00fcndung einer B\u00fcrgerinitiative im Raum stand. Spontan trugen sich mehr als 20 Personen in eine Liste ein und damit ihre Bereitschaft zur Mitarbeit zum Ausdruck. \u201eIch bin so begeistert \u00fcber die gro\u00dfe Bereitschaft zur Gr\u00fcndung einer BI in Flieden, dass ich alles daran setzen werde, um kurzfristig einen Termin f\u00fcr die Gr\u00fcndungsversammlung anzuberaumen\u201c, rief Winfried M\u00f6ller in die Runde.<\/p>\n<p>Mit einem Dank an die Referenten f\u00fcr ihre sehr in die Tiefe gehenden sachlichen und kompetenten Ausf\u00fchrungen und insbesondere an die Resonanz bei den Zuh\u00f6rern schlossen Michael Wahl und Winfried M\u00f6ller die offizielle Veranstaltung.<\/p>\n","protected":false},"excerpt":{"rendered":"<div class=\"tmnf_excerpt\"><p>Eine gro\u00dfe Anzahl interessierter B\u00fcrgerinnen und B\u00fcrger waren der Einladung gefolgt, um sich von den drei Fachreferenten Frau Andrea M\u00fcller-Nadjm von der AG \u201eStra\u00dfenbeitragsfreies Hessen\u201c, Herrn Ulrich Dehler von der BI Petersberg und Herr Joachim Weber von der BI Eichenzell umfassend und kompetent \u00fcber alle bisherigen Bem\u00fchungen, Initiativen und Erfolge der \u00fcber 70 BI landesweit &hellip;<\/p>\n<\/div>","protected":false},"author":1,"featured_media":181777,"comment_status":"closed","ping_status":"closed","sticky":false,"template":"","format":"standard","meta":{"footnotes":""},"categories":[1],"tags":[],"class_list":["post-181776","post","type-post","status-publish","format-standard","has-post-thumbnail","hentry","category-startseite"],"_links":{"self":[{"href":"https:\/\/www.fuldaernachrichten.de\/index.php?rest_route=\/wp\/v2\/posts\/181776","targetHints":{"allow":["GET"]}}],"collection":[{"href":"https:\/\/www.fuldaernachrichten.de\/index.php?rest_route=\/wp\/v2\/posts"}],"about":[{"href":"https:\/\/www.fuldaernachrichten.de\/index.php?rest_route=\/wp\/v2\/types\/post"}],"author":[{"embeddable":true,"href":"https:\/\/www.fuldaernachrichten.de\/index.php?rest_route=\/wp\/v2\/users\/1"}],"replies":[{"embeddable":true,"href":"https:\/\/www.fuldaernachrichten.de\/index.php?rest_route=%2Fwp%2Fv2%2Fcomments&post=181776"}],"version-history":[{"count":4,"href":"https:\/\/www.fuldaernachrichten.de\/index.php?rest_route=\/wp\/v2\/posts\/181776\/revisions"}],"predecessor-version":[{"id":181782,"href":"https:\/\/www.fuldaernachrichten.de\/index.php?rest_route=\/wp\/v2\/posts\/181776\/revisions\/181782"}],"wp:featuredmedia":[{"embeddable":true,"href":"https:\/\/www.fuldaernachrichten.de\/index.php?rest_route=\/wp\/v2\/media\/181777"}],"wp:attachment":[{"href":"https:\/\/www.fuldaernachrichten.de\/index.php?rest_route=%2Fwp%2Fv2%2Fmedia&parent=181776"}],"wp:term":[{"taxonomy":"category","embeddable":true,"href":"https:\/\/www.fuldaernachrichten.de\/index.php?rest_route=%2Fwp%2Fv2%2Fcategories&post=181776"},{"taxonomy":"post_tag","embeddable":true,"href":"https:\/\/www.fuldaernachrichten.de\/index.php?rest_route=%2Fwp%2Fv2%2Ftags&post=181776"}],"curies":[{"name":"wp","href":"https:\/\/api.w.org\/{rel}","templated":true}]}}