{"id":181742,"date":"2019-09-27T15:35:42","date_gmt":"2019-09-27T13:35:42","guid":{"rendered":"http:\/\/fuldaer-nachrichten.de\/?p=181742"},"modified":"2019-09-27T15:35:42","modified_gmt":"2019-09-27T13:35:42","slug":"klavierkonzert-mit-martin-schmalz-polyphonie-divertissements","status":"publish","type":"post","link":"https:\/\/www.fuldaernachrichten.de\/?p=181742","title":{"rendered":"Klavierkonzert mit Martin Schmalz &#8211; \u201ePolyphonie &amp; Divertissements\u201c"},"content":{"rendered":"<p>\u00e2\u20ac\u00a6am Sonntag, den 20.10.2019 um 18:00 Uhr in der Aula der alten Universit\u00e4t<\/p>\n<p>Der renommierte Kasseler Fl\u00f6tist und Komponist Jens Josef, der Frankfurter Fagottprofessor und Solofagottist des WDR-Sinfonieorchesters Henrik Rabien sowie der aus Eichenzell stammende Pianist und Komponist Martin Schmalz werden in der Aula der alten Universit\u00e4t Fulda ein Trio-Konzert geben. Unter dem Titel \u201ePolyphonie &amp; Divertissements\u201c verbinden die K\u00fcnstler Werke sehr verschiedener Stilrichtungen vom Barock \u00fcber die Wiener Klassik und franz\u00f6sische Romantik bis hin zur zeitgen\u00f6ssischen Musik. <!--more--><\/p>\n<p>Zu Beginn des Abends erklingt Johann Sebastian Bachs Sonate f\u00fcr Fl\u00f6te und Cembalo in A-Dur, hier in der Fassung f\u00fcr Klavier, das gel\u00f6ste und virtuose Pendant zur klassischen, ernsten und streng gearbeiteten Sonate in h-Moll. Da der erste Satz der Komposition leider nicht vollst\u00e4ndig erhalten ist, hat Jens Josef ihn mit handwerklicher Kompetenz und kompositorischer Originalit\u00e4t komplettiert.<\/p>\n<p>Im Anschluss daran werden die K\u00fcnstler die Fuldaer Erstauff\u00fchrung von Martin Schmalz\u00e2\u20ac\u02dc \u201eF\u00fcnf Pr\u00e4ludien und Fugen\u201c f\u00fcr Fl\u00f6te, Fagott und Klavier interpretieren. Schmalz verbindet hier Formen und Satztechniken Bachscher Polyphonie mit seiner eigenen, aktuellen Klangsprache. Jeder Satz des Werkes zeigt einen individuellen, klar konturieren und ausdrucksstarken Charakter, so dass neben aller kompositorischen Fertigkeit intensive Kontraste das Werk pr\u00e4gen.<\/p>\n<p>Camille Saint-Sa\u00c3\u00abns Sonate f\u00fcr Fagott und Klavier, ein heiteres franz\u00f6sisches Divertimento im besten Sinne des Wortes, leitet den zweiten Teil des Konzertes ein.<\/p>\n<p>Das Trio f\u00fcr Fl\u00f6te, Fagott und Klavier in G-Dur von Ludwig van Beethoven setzt den Schlusspunkt des Abends. Der Komponist schrieb dieses Werk tats\u00e4chlich im Alter von f\u00fcnfzehn Jahren, und es bleibt bewundernsw\u00fcrdig, \u00fcber wieviel Einfallsreichtum, Witz und K\u00f6nnen dieser geniale K\u00fcnstler bereits in seinen Jugendjahren verf\u00fcgte.<br \/>\nDie Kombination von Fl\u00f6te, Fagott und Klavier als Instrumental-Trio ist im Konzertsaal nur sehr selten zu h\u00f6ren und verspricht deshalb ein ganz besonderes und au\u00dfergew\u00f6hnliches H\u00f6rerlebnis!<\/p>\n<p>Karten zu dieser Veranstaltung, sind im Vorverkauf in den Gesch\u00e4ftsstellen der Fuldaer Zeitung erh\u00e4ltlich (12 \u00e2\u201a\u00ac, erm\u00e4\u00dfigt 10 \u00e2\u201a\u00ac) sowie Restkarten an der Abendkasse (14 \u00e2\u201a\u00ac, erm\u00e4\u00dfigt 12 \u00e2\u201a\u00ac).<\/p>\n","protected":false},"excerpt":{"rendered":"<div class=\"tmnf_excerpt\"><p>\u00e2\u20ac\u00a6am Sonntag, den 20.10.2019 um 18:00 Uhr in der Aula der alten Universit\u00e4t Der renommierte Kasseler Fl\u00f6tist und Komponist Jens Josef, der Frankfurter Fagottprofessor und Solofagottist des WDR-Sinfonieorchesters Henrik Rabien sowie der aus Eichenzell stammende Pianist und Komponist Martin Schmalz werden in der Aula der alten Universit\u00e4t Fulda ein Trio-Konzert geben. Unter dem Titel \u201ePolyphonie &hellip;<\/p>\n<\/div>","protected":false},"author":1,"featured_media":181743,"comment_status":"closed","ping_status":"closed","sticky":false,"template":"","format":"standard","meta":{"footnotes":""},"categories":[1],"tags":[],"class_list":["post-181742","post","type-post","status-publish","format-standard","has-post-thumbnail","hentry","category-startseite"],"_links":{"self":[{"href":"https:\/\/www.fuldaernachrichten.de\/index.php?rest_route=\/wp\/v2\/posts\/181742","targetHints":{"allow":["GET"]}}],"collection":[{"href":"https:\/\/www.fuldaernachrichten.de\/index.php?rest_route=\/wp\/v2\/posts"}],"about":[{"href":"https:\/\/www.fuldaernachrichten.de\/index.php?rest_route=\/wp\/v2\/types\/post"}],"author":[{"embeddable":true,"href":"https:\/\/www.fuldaernachrichten.de\/index.php?rest_route=\/wp\/v2\/users\/1"}],"replies":[{"embeddable":true,"href":"https:\/\/www.fuldaernachrichten.de\/index.php?rest_route=%2Fwp%2Fv2%2Fcomments&post=181742"}],"version-history":[{"count":1,"href":"https:\/\/www.fuldaernachrichten.de\/index.php?rest_route=\/wp\/v2\/posts\/181742\/revisions"}],"predecessor-version":[{"id":181744,"href":"https:\/\/www.fuldaernachrichten.de\/index.php?rest_route=\/wp\/v2\/posts\/181742\/revisions\/181744"}],"wp:featuredmedia":[{"embeddable":true,"href":"https:\/\/www.fuldaernachrichten.de\/index.php?rest_route=\/wp\/v2\/media\/181743"}],"wp:attachment":[{"href":"https:\/\/www.fuldaernachrichten.de\/index.php?rest_route=%2Fwp%2Fv2%2Fmedia&parent=181742"}],"wp:term":[{"taxonomy":"category","embeddable":true,"href":"https:\/\/www.fuldaernachrichten.de\/index.php?rest_route=%2Fwp%2Fv2%2Fcategories&post=181742"},{"taxonomy":"post_tag","embeddable":true,"href":"https:\/\/www.fuldaernachrichten.de\/index.php?rest_route=%2Fwp%2Fv2%2Ftags&post=181742"}],"curies":[{"name":"wp","href":"https:\/\/api.w.org\/{rel}","templated":true}]}}