{"id":181673,"date":"2019-09-26T10:34:00","date_gmt":"2019-09-26T08:34:00","guid":{"rendered":"http:\/\/www.fuldaer-nachrichten.de\/?p=181673"},"modified":"2019-09-26T10:34:00","modified_gmt":"2019-09-26T08:34:00","slug":"jumo-im-einklang-mit-der-digitalen-zukunft-tablets-in-der-ausbildung","status":"publish","type":"post","link":"https:\/\/www.fuldaernachrichten.de\/?p=181673","title":{"rendered":"JUMO im Einklang mit der digitalen Zukunft &#8211; Tablets in der Ausbildung"},"content":{"rendered":"<p>Der digitale Wandel ist in vollem Gange. Menschen, Computer und mobile Endger\u00e4te werden zuk\u00fcnftig in Unternehmen enger als jemals zuvor zusammenarbeiten. Daf\u00fcr ben\u00f6tigen die Mitarbeitenden neue Kompetenzen und Fertigkeiten. Um Auszubildende schon fr\u00fchzeitig auf die Arbeitswelt von morgen vorzubereiten, setzt die JUMO GmbH &amp; Co. KG seit einigen Monaten Tablets im Rahmen der Ausbildung ein.<!--more--><\/p>\n<p>\u201eDamit entsprechen wir der Umstellung der Ausbildungsrahmenpl\u00e4ne, die zuk\u00fcnftig wesentlich st\u00e4rker Themen der Digitalisierung ber\u00fccksichtigen\u201c, erl\u00e4utert Frank Blasinger, Leiter der gewerblich-technischen Ausbildung bei JUMO. In einem ersten Schritt haben 27 gewerblich-technische Auszubildende aus dem Elektronikbereich ein pers\u00f6nliches Tablet erhalten. \u201eMit diesem k\u00f6nnen sie Pr\u00e4sentationen vorbereiten, auf Lernvideos, digitale Lehrmittel und Apps zugreifen oder im Internet recherchieren\u201c, erl\u00e4utert Frank Blasinger.<\/p>\n<p>Gleichzeitig erf\u00fcllen die Tablets einen \u00f6kologischen Aspekt, denn durch deren Einsatz k\u00f6nnen erhebliche Papiermengen eingespart werden, die bisher f\u00fcr Ausdrucke verwendet wurden. Die Informationen werden den Auszubildenden jetzt auf elektronischem Weg, wie zum Beispiel per E-Mail oder Ablage in Datenbanken, zur Verf\u00fcgung gestellt.<\/p>\n<p>Die Tablets stehen den Auszubildenden auch in Ihrer Freizeit zur Verf\u00fcgung. Nach einer Pilotphase werden alle anderen gewerblich-technischen JUMO-Azubis ebenfalls mit entsprechenden Ger\u00e4ten ausgestattet.<\/p>\n<p>Die neuen Tablets sind ein weiterer Baustein, im umfangreichen JUMO-Ausbildungskonzept. Unter dem Motto \u201emore than education\u201c zielt eine Ausbildung bei JUMO neben der Vermittlung von fachlichen Kenntnissen und Fertigkeiten vor allem auf die Punkte Pers\u00f6nlichkeitsbildung und Teamf\u00e4higkeit ab. So werden bereits vor dem Start Get-together-Veranstaltungen f\u00fcr Azubis und deren Eltern angeboten. W\u00e4hrend der ersten Monate bei JUMO steht den Auszubildenden ein Azubi aus einem h\u00f6heren Lehrjahr als Pate zur Seite. Vor der Zwischen- und der Abschlusspr\u00fcfung werden JUMO-Azubis durch interne Ausbilder und externe Lehrkr\u00e4fte optimal auf die Pr\u00fcfungen vorbereitet.<\/p>\n<p>Ein echtes Highlight stellen die Auslandsaufenthalte dar, bei denen JUMO-Azubis ihre Ausbildung f\u00fcr einige Wochen in einer der 25 Tochtergesellschaften fortf\u00fchren k\u00f6nnen. Mit dem JUMO-Azubi-Mobil bekommen Azubis die Chance, einen VW Polo f\u00fcr die Dauer von drei Wochen kostenlos zu nutzen. Gemeinsame soziale Projekte und umfangreiche Gesundheitsangebote runden die Ausbildung bei JUMO ab.<\/p>\n","protected":false},"excerpt":{"rendered":"<div class=\"tmnf_excerpt\"><p>Der digitale Wandel ist in vollem Gange. Menschen, Computer und mobile Endger\u00e4te werden zuk\u00fcnftig in Unternehmen enger als jemals zuvor zusammenarbeiten. Daf\u00fcr ben\u00f6tigen die Mitarbeitenden neue Kompetenzen und Fertigkeiten. Um Auszubildende schon fr\u00fchzeitig auf die Arbeitswelt von morgen vorzubereiten, setzt die JUMO GmbH &amp; Co. KG seit einigen Monaten Tablets im Rahmen der Ausbildung ein.<\/p>\n<\/div>","protected":false},"author":1,"featured_media":181674,"comment_status":"closed","ping_status":"closed","sticky":false,"template":"","format":"standard","meta":{"footnotes":""},"categories":[1],"tags":[],"class_list":["post-181673","post","type-post","status-publish","format-standard","has-post-thumbnail","hentry","category-startseite"],"_links":{"self":[{"href":"https:\/\/www.fuldaernachrichten.de\/index.php?rest_route=\/wp\/v2\/posts\/181673","targetHints":{"allow":["GET"]}}],"collection":[{"href":"https:\/\/www.fuldaernachrichten.de\/index.php?rest_route=\/wp\/v2\/posts"}],"about":[{"href":"https:\/\/www.fuldaernachrichten.de\/index.php?rest_route=\/wp\/v2\/types\/post"}],"author":[{"embeddable":true,"href":"https:\/\/www.fuldaernachrichten.de\/index.php?rest_route=\/wp\/v2\/users\/1"}],"replies":[{"embeddable":true,"href":"https:\/\/www.fuldaernachrichten.de\/index.php?rest_route=%2Fwp%2Fv2%2Fcomments&post=181673"}],"version-history":[{"count":1,"href":"https:\/\/www.fuldaernachrichten.de\/index.php?rest_route=\/wp\/v2\/posts\/181673\/revisions"}],"predecessor-version":[{"id":181675,"href":"https:\/\/www.fuldaernachrichten.de\/index.php?rest_route=\/wp\/v2\/posts\/181673\/revisions\/181675"}],"wp:featuredmedia":[{"embeddable":true,"href":"https:\/\/www.fuldaernachrichten.de\/index.php?rest_route=\/wp\/v2\/media\/181674"}],"wp:attachment":[{"href":"https:\/\/www.fuldaernachrichten.de\/index.php?rest_route=%2Fwp%2Fv2%2Fmedia&parent=181673"}],"wp:term":[{"taxonomy":"category","embeddable":true,"href":"https:\/\/www.fuldaernachrichten.de\/index.php?rest_route=%2Fwp%2Fv2%2Fcategories&post=181673"},{"taxonomy":"post_tag","embeddable":true,"href":"https:\/\/www.fuldaernachrichten.de\/index.php?rest_route=%2Fwp%2Fv2%2Ftags&post=181673"}],"curies":[{"name":"wp","href":"https:\/\/api.w.org\/{rel}","templated":true}]}}