{"id":1815,"date":"2007-02-24T12:48:42","date_gmt":"2007-02-24T11:48:42","guid":{"rendered":"http:\/\/www.schoene-nachrichten.de\/?p=1815"},"modified":"2007-02-24T12:49:38","modified_gmt":"2007-02-24T11:49:38","slug":"jahreshauptversammlung-der-spd-kuenzell-wahl-und-ehrungen","status":"publish","type":"post","link":"https:\/\/www.fuldaernachrichten.de\/?p=1815","title":{"rendered":"Jahreshauptversammlung der SPD K\u00fcnzell &#8211; Wahl und Ehrungen"},"content":{"rendered":"<p><strong>Sch\u00f6nes aus K\u00fcnzell.<\/strong> Der SPD Ortsverein K\u00fcnzell hatte in der vergangenen Woche im Rathaus K\u00fcnzell seine Jahreshauptversammlung. Neben der Wahl des neuen Vorstands und Gru\u00dfworten vom Unterbezirksvorsitzenden Peter Jennemann und der Abgeordneten des Europaparlamentes, Barbara Weiler, wurden auch drei Mitglieder geehrt.<\/p>\n<p><a target=\"_blank\" href=\"http:\/\/www.schoene-nachrichten.de\/wp-content\/uploads\/2007\/02\/070222-spd-kuenzell.jpg\" title=\"Foto: SPD K\u00fcnzell\"><img decoding=\"async\" src=\"http:\/\/www.schoene-nachrichten.de\/wp-content\/uploads\/2007\/02\/070222-spd-kuenzell.thumbnail.jpg\" alt=\"070222-spd-kuenzell.jpg\" \/><\/a><\/p>\n<p><!--more--><\/p>\n<p>Karl Schuck wurde f\u00fcr sechzig Jahre aktive Mitgliedschaft der Ehrenbrief der SPD und die Willy-Brandt-Medaille verliehen, die h\u00f6chste Auszeichnung der SPD. Schuck hat im laufe vieler Jahre zahlreiche ehrenamtliche T\u00e4tigkeiten ausge\u00fcbt, darunter auch als Vorstandsmitglied mehrerer SPD-Ortsvereine, als Kreistagsmitglied im Landkreis Fulda, als<br \/>\nMitglied der Gemeindevertretung K\u00fcnzell, als Betriebsratsvorsitzender und aktiver IG-Metall Gewerkschafter und als Vereinsvorsitzender des SC Borussia Fulda, um nur einige zu nennen. Er wurde 1978 mit dem Ehrenbrief des Landes Hessen ausgezeichnet, tr\u00e4gt seit 1987 das Bundesverdienstkreuz am Bande und ist seit 1991 Ehrenvorsitzender der<br \/>\nSPD K\u00fcnzell.<\/p>\n<p>Weiter\u00c2\u00a0wurden Gustav Pausinger und Charlotte Schuck f\u00fcr ihre jeweils Vierzigj\u00e4hrige SPD-Mitgliedschaft geehrt. Pausinger war 1972-1976 Stadtverordneter in Fulda, au\u00dferdem Schiedsmann im Schiedsbezirk Fulda III, Bezirksvorsteher im gleichen Bezirk und wurde 1987 mit dem Ehrenbrief des Landes Hessen ausgezeichnet.<\/p>\n<p><strong>Der neue Vorstand ist wie folgt zusammengesetzt:<\/strong><\/p>\n<p>Vorsitzender: Christoph Sticherling<br \/>\nStellvertretender Vorsitzender: Werber Sommer<br \/>\nKassierer: Dieter Lachnit<br \/>\nSchriftf\u00fchrer: Barbara Eckart<br \/>\nBeisitzer: Maren Farwick, J\u00fcrgen Herwig, Markus Schlag, Klaus-Dieter Stein<\/p>\n<p>Auf dem Foto,\u00c2\u00a0v.l.n.r. Christoph Sticherling, OV-Vorstandsvorsitzender; Peter Jennemann, Unterbezirksvorsitzender, Barbara Weiler, MdEP; Karl Schuck, Ehrenvorsitzender<\/p>\n","protected":false},"excerpt":{"rendered":"<div class=\"tmnf_excerpt\"><p>Sch\u00f6nes aus K\u00fcnzell. Der SPD Ortsverein K\u00fcnzell hatte in der vergangenen Woche im Rathaus K\u00fcnzell seine Jahreshauptversammlung. Neben der Wahl des neuen Vorstands und Gru\u00dfworten vom Unterbezirksvorsitzenden Peter Jennemann und der Abgeordneten des Europaparlamentes, Barbara Weiler, wurden auch drei Mitglieder geehrt.<\/p>\n<\/div>","protected":false},"author":1,"featured_media":0,"comment_status":"closed","ping_status":"closed","sticky":false,"template":"","format":"standard","meta":{"footnotes":""},"categories":[1,29],"tags":[],"class_list":["post-1815","post","type-post","status-publish","format-standard","hentry","category-startseite","category-politik"],"_links":{"self":[{"href":"https:\/\/www.fuldaernachrichten.de\/index.php?rest_route=\/wp\/v2\/posts\/1815","targetHints":{"allow":["GET"]}}],"collection":[{"href":"https:\/\/www.fuldaernachrichten.de\/index.php?rest_route=\/wp\/v2\/posts"}],"about":[{"href":"https:\/\/www.fuldaernachrichten.de\/index.php?rest_route=\/wp\/v2\/types\/post"}],"author":[{"embeddable":true,"href":"https:\/\/www.fuldaernachrichten.de\/index.php?rest_route=\/wp\/v2\/users\/1"}],"replies":[{"embeddable":true,"href":"https:\/\/www.fuldaernachrichten.de\/index.php?rest_route=%2Fwp%2Fv2%2Fcomments&post=1815"}],"version-history":[{"count":0,"href":"https:\/\/www.fuldaernachrichten.de\/index.php?rest_route=\/wp\/v2\/posts\/1815\/revisions"}],"wp:attachment":[{"href":"https:\/\/www.fuldaernachrichten.de\/index.php?rest_route=%2Fwp%2Fv2%2Fmedia&parent=1815"}],"wp:term":[{"taxonomy":"category","embeddable":true,"href":"https:\/\/www.fuldaernachrichten.de\/index.php?rest_route=%2Fwp%2Fv2%2Fcategories&post=1815"},{"taxonomy":"post_tag","embeddable":true,"href":"https:\/\/www.fuldaernachrichten.de\/index.php?rest_route=%2Fwp%2Fv2%2Ftags&post=1815"}],"curies":[{"name":"wp","href":"https:\/\/api.w.org\/{rel}","templated":true}]}}