{"id":1813,"date":"2007-02-22T20:15:46","date_gmt":"2007-02-22T19:15:46","guid":{"rendered":"http:\/\/www.schoene-nachrichten.de\/?p=1813"},"modified":"2007-02-22T21:12:17","modified_gmt":"2007-02-22T20:12:17","slug":"gymnasiasten-des-domgymnasiums-auf-den-spuren-von-konrad-zuse","status":"publish","type":"post","link":"https:\/\/www.fuldaernachrichten.de\/?p=1813","title":{"rendered":"Gymnasiasten des Domgymnasiums auf den Spuren von Konrad Zuse"},"content":{"rendered":"<p><strong>Sch\u00f6nes aus H\u00fcnfeld.<\/strong> Sch\u00fcler der Klasse 5 b des Domgymnasiums Fulda besuchten am Faschingsdienstag das Konrad Zuse Museum und das Zuse Hotel in H\u00fcnfeld. Das Wirken Konrad Zuses stand im Vordergrund einer interessanten F\u00fchrung durch das Museum.\u00c2\u00a0<\/p>\n<p><a target=\"_blank\" href=\"http:\/\/www.schoene-nachrichten.de\/wp-content\/uploads\/2007\/02\/070222-domgymnasium.jpg\" title=\"Foto: Zuse Hotel\"><img decoding=\"async\" src=\"http:\/\/www.schoene-nachrichten.de\/wp-content\/uploads\/2007\/02\/070222-domgymnasium.thumbnail.jpg\" alt=\"070222-domgymnasium.jpg\" \/><\/a><\/p>\n<p><!--more-->Im\u00c2\u00a0Zuse Hotel wurden die Sch\u00fcler von der hoteleigenen Zusel-Maus begr\u00fc\u00dft. Die \u00dcberraschung:\u00c2\u00a0in der Maus steckte Sebastian Winkler, der selbst einmal Sch\u00fcler des Domgymnasiums war und nun eine Lehre als Koch bei dem bekannten und vielfach pr\u00e4mierten K\u00fcchenchef Andreas Rau im Konrad Zuse Hotel absolviert.<\/p>\n<p>Und die Sch\u00fcler hatten jede Menge Fragen an die K\u00f6che und die Gesch\u00e4ftsleitung: \u201eWarum sind die einen Kn\u00f6pfe an den Jacken der K\u00f6che schwarz, warum die anderen rot? Ist es wahr, dass in einer Suite Prominente wohnen? Wie viele Leute arbeiten in diesem Hotel? Wie sieht ein K\u00fchlhaus von innen aus? Alle Fragen wurden\u00c2\u00a0ausf\u00fchrlich beantwortet. Ein weiterer H\u00f6hepunkt war die Besichtigung der historischen Rechneranlage von Konrad Zuse \u201eZ25\u201c aus dem Jahr 1963, die in ihren original Bestandteilen in dem Hotel zu bewundern ist.<\/p>\n<p>Nach dem Blick hinter die Kulissen wartete dann schon das Hallenbad der Stadt H\u00fcnfeld, das direkt vom Hotel aus zug\u00e4nglich ist und auch von den Hotelg\u00e4sten genutzt wird,\u00c2\u00a0auf\u00c2\u00a0die jungen Besucher. Zum Abschluss des Wandertages gab es im Hotel Spaghetti Bolognese und als Andenken einen kleinen Zusel-Schl\u00fcsselanh\u00e4nger. \u201eDaran werden die Sch\u00fcler noch lange denken\u201c, schw\u00e4rmte Klassenlehrerin\u00c2\u00a0 Barbara F\u00fcller.<\/p>\n","protected":false},"excerpt":{"rendered":"<div class=\"tmnf_excerpt\"><p>Sch\u00f6nes aus H\u00fcnfeld. Sch\u00fcler der Klasse 5 b des Domgymnasiums Fulda besuchten am Faschingsdienstag das Konrad Zuse Museum und das Zuse Hotel in H\u00fcnfeld. Das Wirken Konrad Zuses stand im Vordergrund einer interessanten F\u00fchrung durch das Museum.\u00c2\u00a0<\/p>\n<\/div>","protected":false},"author":1,"featured_media":0,"comment_status":"closed","ping_status":"closed","sticky":false,"template":"","format":"standard","meta":{"footnotes":""},"categories":[1,53,44],"tags":[],"class_list":["post-1813","post","type-post","status-publish","format-standard","hentry","category-startseite","category-bildung","category-kultur"],"_links":{"self":[{"href":"https:\/\/www.fuldaernachrichten.de\/index.php?rest_route=\/wp\/v2\/posts\/1813","targetHints":{"allow":["GET"]}}],"collection":[{"href":"https:\/\/www.fuldaernachrichten.de\/index.php?rest_route=\/wp\/v2\/posts"}],"about":[{"href":"https:\/\/www.fuldaernachrichten.de\/index.php?rest_route=\/wp\/v2\/types\/post"}],"author":[{"embeddable":true,"href":"https:\/\/www.fuldaernachrichten.de\/index.php?rest_route=\/wp\/v2\/users\/1"}],"replies":[{"embeddable":true,"href":"https:\/\/www.fuldaernachrichten.de\/index.php?rest_route=%2Fwp%2Fv2%2Fcomments&post=1813"}],"version-history":[{"count":0,"href":"https:\/\/www.fuldaernachrichten.de\/index.php?rest_route=\/wp\/v2\/posts\/1813\/revisions"}],"wp:attachment":[{"href":"https:\/\/www.fuldaernachrichten.de\/index.php?rest_route=%2Fwp%2Fv2%2Fmedia&parent=1813"}],"wp:term":[{"taxonomy":"category","embeddable":true,"href":"https:\/\/www.fuldaernachrichten.de\/index.php?rest_route=%2Fwp%2Fv2%2Fcategories&post=1813"},{"taxonomy":"post_tag","embeddable":true,"href":"https:\/\/www.fuldaernachrichten.de\/index.php?rest_route=%2Fwp%2Fv2%2Ftags&post=1813"}],"curies":[{"name":"wp","href":"https:\/\/api.w.org\/{rel}","templated":true}]}}