{"id":180941,"date":"2019-08-30T20:15:02","date_gmt":"2019-08-30T18:15:02","guid":{"rendered":"http:\/\/www.fuldaer-nachrichten.de\/?p=180941"},"modified":"2019-08-30T20:15:02","modified_gmt":"2019-08-30T18:15:02","slug":"zentraler-ort-fuer-frauen-neues-programm-des-frauenzentrum-fulda","status":"publish","type":"post","link":"https:\/\/www.fuldaernachrichten.de\/?p=180941","title":{"rendered":"Zentraler Ort f\u00fcr Frauen &#8211; Neues Programm des Frauenzentrum Fulda"},"content":{"rendered":"<p>Das neue Programm des Frauenzentrums f\u00fcr das 2. Halbjahr ist da: Ab September 2019 startet das Frauenzentrum in der Schlossstra\u00dfe 12 mit neuen Workshops und Vortr\u00e4gen \u2013 von Frauen f\u00fcr Frauen.<\/p>\n<p>Neben den Einzelberatungen \u201eFit f\u00fcr den Wiedereinstieg ins Berufsleben\u201c ist zum Beispiel am Samstag, 28. September 2019 ein Workshop zum Thema \u201eEigene \u00c4ngste bew\u00e4ltigen\u201c geplant.<\/p>\n<p>Auch die Gesundheit kommt nicht zu kurz bei der Veranstaltungsreihe \u201eGesund und vital durch das Jahr\u201c. Der dritte Termin steht unter dem Motto: Erntezeit \u2013 Kr\u00e4uter konservieren \u2013 Salz (10. September 2019).<\/p>\n<p>Daneben gibt es zahlreiche regelm\u00e4\u00dfige Gruppenangebote, z. B. ein Internationales Frauentreffen, einen Literaturkreis oder eine Patchwork-Gruppe, die eine Teilnahme jederzeit erm\u00f6glichen.<\/p>\n<p>Das aktuelle Programmheft mit allen Veranstaltungen ist unter <a href=\"http:\/\/www.fulda.de\" target=\"_blank\" rel=\"noopener noreferrer\">www.fulda.de<\/a> abrufbar, liegt im B\u00fcrgerb\u00fcro der Stadt Fulda aus oder wird auf Wunsch gerne zugesendet.<\/p>\n<p>Weitere Informationen und Anmeldungen unter frauenbuero@fulda.de oder unter Telefon 0661 102-1043.<\/p>\n","protected":false},"excerpt":{"rendered":"<div class=\"tmnf_excerpt\"><p>Das neue Programm des Frauenzentrums f\u00fcr das 2. Halbjahr ist da: Ab September 2019 startet das Frauenzentrum in der Schlossstra\u00dfe 12 mit neuen Workshops und Vortr\u00e4gen \u2013 von Frauen f\u00fcr Frauen. Neben den Einzelberatungen \u201eFit f\u00fcr den Wiedereinstieg ins Berufsleben\u201c ist zum Beispiel am Samstag, 28. September 2019 ein Workshop zum Thema \u201eEigene \u00c4ngste bew\u00e4ltigen\u201c &hellip;<\/p>\n<\/div>","protected":false},"author":1,"featured_media":0,"comment_status":"closed","ping_status":"closed","sticky":false,"template":"","format":"standard","meta":{"footnotes":""},"categories":[1],"tags":[],"class_list":["post-180941","post","type-post","status-publish","format-standard","hentry","category-startseite"],"_links":{"self":[{"href":"https:\/\/www.fuldaernachrichten.de\/index.php?rest_route=\/wp\/v2\/posts\/180941","targetHints":{"allow":["GET"]}}],"collection":[{"href":"https:\/\/www.fuldaernachrichten.de\/index.php?rest_route=\/wp\/v2\/posts"}],"about":[{"href":"https:\/\/www.fuldaernachrichten.de\/index.php?rest_route=\/wp\/v2\/types\/post"}],"author":[{"embeddable":true,"href":"https:\/\/www.fuldaernachrichten.de\/index.php?rest_route=\/wp\/v2\/users\/1"}],"replies":[{"embeddable":true,"href":"https:\/\/www.fuldaernachrichten.de\/index.php?rest_route=%2Fwp%2Fv2%2Fcomments&post=180941"}],"version-history":[{"count":1,"href":"https:\/\/www.fuldaernachrichten.de\/index.php?rest_route=\/wp\/v2\/posts\/180941\/revisions"}],"predecessor-version":[{"id":180942,"href":"https:\/\/www.fuldaernachrichten.de\/index.php?rest_route=\/wp\/v2\/posts\/180941\/revisions\/180942"}],"wp:attachment":[{"href":"https:\/\/www.fuldaernachrichten.de\/index.php?rest_route=%2Fwp%2Fv2%2Fmedia&parent=180941"}],"wp:term":[{"taxonomy":"category","embeddable":true,"href":"https:\/\/www.fuldaernachrichten.de\/index.php?rest_route=%2Fwp%2Fv2%2Fcategories&post=180941"},{"taxonomy":"post_tag","embeddable":true,"href":"https:\/\/www.fuldaernachrichten.de\/index.php?rest_route=%2Fwp%2Fv2%2Ftags&post=180941"}],"curies":[{"name":"wp","href":"https:\/\/api.w.org\/{rel}","templated":true}]}}