{"id":180931,"date":"2019-08-30T19:45:56","date_gmt":"2019-08-30T17:45:56","guid":{"rendered":"http:\/\/www.fuldaer-nachrichten.de\/?p=180931"},"modified":"2019-08-30T19:45:56","modified_gmt":"2019-08-30T17:45:56","slug":"der-tiefe-raum-die-mondlandung-konzert-mit-visualisierung-originaler-fotos-videos","status":"publish","type":"post","link":"https:\/\/www.fuldaernachrichten.de\/?p=180931","title":{"rendered":"\u201eDer tiefe Raum \u2013 die Mondlandung\u201c: Konzert mit Visualisierung originaler Fotos &amp; Videos"},"content":{"rendered":"<p>Der tiefe Raum sind die Fuldaer Musiker Frank Tischer (Synthesizer, Epiano, Modularsystem, Gesang) und Martin G\u00fcnzel (Gitarren).<\/p>\n<p>Zum Anlass des 50sten Jahrestages der Mondlandung pr\u00e4sentieren der tiefe Raum am Freitag, 13. September 2019 um 20:00 Uhr ein Konzert im Kanzlerpalais\/Fulda, zu dem Fotos und Videoaufnahmen der Astronauten und der NASA auf Leinwand projiziert werden.<!--more--><\/p>\n<p>Nach dem Tischer und G\u00fcnzel, zusammen mit ihren Bandkollegen Tommy Fischer (Schlagzeug) und Janni Schmidt (Bass) 2011 ihr gleichnamiges Deb\u00fctalbum ver\u00f6ffentlicht haben, traten der tiefe Raum die n\u00e4chsten Jahre in Deutschland (u.a. Burg Herzberg Festival) und \u00d6sterreich, auch in dieser Besetzung auf.<\/p>\n<p>Nun kehren der tiefe Raum zu seinen Wurzeln zur\u00fcck und pr\u00e4sentiert als Duo fantastische Musik, stilistisch zwischen Pink Floyd und Tangerine Dream. Mit viel Technik, Synthesizern, elektronischen Maschinen und Modular System, aber auch Gitarren und Gesang zelebriert der tiefe Raum, f\u00fcr Auge und Ohr, das 50-j\u00e4hrige Jubil\u00e4um der Mondlandung.<\/p>\n<p>Karten zu dieser Veranstaltung, sind im Vorverkauf in den Gesch\u00e4ftsstellen der Fuldaer Zeitung erh\u00e4ltlich (12 \u00e2\u201a\u00ac, erm\u00e4\u00dfigt 10 \u00e2\u201a\u00ac) sowie Restkarten an der Abendkasse (14 \u00e2\u201a\u00ac, erm\u00e4\u00dfigt 12 \u00e2\u201a\u00ac).<\/p>\n","protected":false},"excerpt":{"rendered":"<div class=\"tmnf_excerpt\"><p>Der tiefe Raum sind die Fuldaer Musiker Frank Tischer (Synthesizer, Epiano, Modularsystem, Gesang) und Martin G\u00fcnzel (Gitarren). Zum Anlass des 50sten Jahrestages der Mondlandung pr\u00e4sentieren der tiefe Raum am Freitag, 13. September 2019 um 20:00 Uhr ein Konzert im Kanzlerpalais\/Fulda, zu dem Fotos und Videoaufnahmen der Astronauten und der NASA auf Leinwand projiziert werden.<\/p>\n<\/div>","protected":false},"author":1,"featured_media":180932,"comment_status":"closed","ping_status":"closed","sticky":false,"template":"","format":"standard","meta":{"footnotes":""},"categories":[1],"tags":[],"class_list":["post-180931","post","type-post","status-publish","format-standard","has-post-thumbnail","hentry","category-startseite"],"_links":{"self":[{"href":"https:\/\/www.fuldaernachrichten.de\/index.php?rest_route=\/wp\/v2\/posts\/180931","targetHints":{"allow":["GET"]}}],"collection":[{"href":"https:\/\/www.fuldaernachrichten.de\/index.php?rest_route=\/wp\/v2\/posts"}],"about":[{"href":"https:\/\/www.fuldaernachrichten.de\/index.php?rest_route=\/wp\/v2\/types\/post"}],"author":[{"embeddable":true,"href":"https:\/\/www.fuldaernachrichten.de\/index.php?rest_route=\/wp\/v2\/users\/1"}],"replies":[{"embeddable":true,"href":"https:\/\/www.fuldaernachrichten.de\/index.php?rest_route=%2Fwp%2Fv2%2Fcomments&post=180931"}],"version-history":[{"count":1,"href":"https:\/\/www.fuldaernachrichten.de\/index.php?rest_route=\/wp\/v2\/posts\/180931\/revisions"}],"predecessor-version":[{"id":180933,"href":"https:\/\/www.fuldaernachrichten.de\/index.php?rest_route=\/wp\/v2\/posts\/180931\/revisions\/180933"}],"wp:featuredmedia":[{"embeddable":true,"href":"https:\/\/www.fuldaernachrichten.de\/index.php?rest_route=\/wp\/v2\/media\/180932"}],"wp:attachment":[{"href":"https:\/\/www.fuldaernachrichten.de\/index.php?rest_route=%2Fwp%2Fv2%2Fmedia&parent=180931"}],"wp:term":[{"taxonomy":"category","embeddable":true,"href":"https:\/\/www.fuldaernachrichten.de\/index.php?rest_route=%2Fwp%2Fv2%2Fcategories&post=180931"},{"taxonomy":"post_tag","embeddable":true,"href":"https:\/\/www.fuldaernachrichten.de\/index.php?rest_route=%2Fwp%2Fv2%2Ftags&post=180931"}],"curies":[{"name":"wp","href":"https:\/\/api.w.org\/{rel}","templated":true}]}}