{"id":180906,"date":"2019-08-29T17:13:48","date_gmt":"2019-08-29T15:13:48","guid":{"rendered":"http:\/\/www.fuldaer-nachrichten.de\/?p=180906"},"modified":"2019-08-29T17:13:48","modified_gmt":"2019-08-29T15:13:48","slug":"nigel-kennedy-gastiert-2020-auf-dem-fuldaer-domplatz","status":"publish","type":"post","link":"https:\/\/www.fuldaernachrichten.de\/?p=180906","title":{"rendered":"Nigel Kennedy gastiert 2020 auf dem Fuldaer Domplatz"},"content":{"rendered":"<p>Einer der bedeutendsten Violinvirtuosen der Welt zu Gast in Fulda: Am Samstag, 27. Juni 2020, wird Nigel Kennedy vor der traumhaften Kulisse des Fuldaer Doms gemeinsam mit dem M\u00fcnchner Rundfunkorchester bei einem ein fulmi-nantes Klassik-Open-Air zu erleben sein. Der Vorverkauf l\u00e4uft seit<br \/>\nheute, sodass bereits jetzt Karten gesichert werden k\u00f6nnen. Kurzentschlossene k\u00f6nnen auch noch Restkarten f\u00fcr das Klassik-Domplatzkonzert 2019 erwerben: Am Samstag, 31. August, gastiert der Star-Schlagzeuger Martin Grubinger mit dem hr-Sinfonieorchester auf dem Domplatz. <!--more--><\/p>\n<p>Seit mehr als 25 Jahren gilt Nigel Kennedy als einer der bekanntesten Geiger der Welt. Seine Technik, sein einzigartiges Talent und sein Charisma haben so-wohl dem klassischen als auch dem zeitgen\u00f6ssischen Repertoire neue Perspekti-ven er\u00f6ffnet. Bereits in jungen Jahren war Nigel Kennedy das wohl ber\u00fchmteste aller von Yehudi Menuhin gef\u00f6rderten Talente, bevor er an die Juilliard School of Music nach New York wechselte. Kennedy hat in seiner gesamten bisherigen Schaffenszeit eine enorme weltweite Medienpr\u00e4senz erreicht. Der 62-J\u00e4hrige hat \u00f6ffentliche und private Konzerte f\u00fcr das britische K\u00f6nigshaus gegeben und etli-che gro\u00dfe internationale Ehrungen erhalten. W\u00e4hrend seiner eindrucksvollen Kar-riere unternahm Nigel Kennedy zahllose internationale Konzertreisen und trat mit den f\u00fchrenden Orchestern und Dirigenten in ganz Europa, Nordamerika, Zentral- und S\u00fcdafrika, in S\u00fcdostasien und Australien auf.<\/p>\n<p>Das M\u00fcnchner Rundfunkorchester hat dank seiner programmatischen Vielfalt ein ganz eigenes k\u00fcnstlerisches Profil entwickelt. Die Palette reicht von Oper und Operette, moderierten Themenkonzerten und moderner geistlicher Musik bis hin zu Filmmusik und Crossover-Projekten. Gastspiele f\u00fchren das Orchester zu re-nommierten Festivals sowie in herausragende Konzerts\u00e4le wie Baden-Baden, Wien und Luzern, wo es u. a. Diana Damrau, Anna Netrebko und Jonas Kauf-mann begleitet hat. Als wahrer Schatzgr\u00e4ber holt das Orchester immer wieder zu Unrecht vergessene Werke ans Licht. Besondere Aufmerksamkeit gilt der p\u00e4da-gogischen Arbeit und \u2013 z. B. gemeinsam mit der Theaterakademie August Ever-ding \u2013 der Nachwuchsf\u00f6rderung. Chefdirigent seit der Saison 2017\/18 ist Ivan Repu\u00c5\u00a1i\u00c4\u2021.<\/p>\n<p>Das Konzertprogramm und die Orchesterleitung f\u00fcr das Domplatzkonzert in Fulda werden rechtzeitig bekanntgegeben.<\/p>\n<p>Karten (die Tickets kosten zwischen 39,90 und 99,90 Euro) gibt es bei den Ge-sch\u00e4ftsstellen der Fuldaer Zeitung, bei allen bekannten Vorverkaufsstellen und online auf <a href=\"http:\/\/www.provinztour.de\" rel=\"noopener noreferrer\" target=\"_blank\">www.provinztour.de<\/a>.<\/p>\n","protected":false},"excerpt":{"rendered":"<div class=\"tmnf_excerpt\"><p>Einer der bedeutendsten Violinvirtuosen der Welt zu Gast in Fulda: Am Samstag, 27. Juni 2020, wird Nigel Kennedy vor der traumhaften Kulisse des Fuldaer Doms gemeinsam mit dem M\u00fcnchner Rundfunkorchester bei einem ein fulmi-nantes Klassik-Open-Air zu erleben sein. Der Vorverkauf l\u00e4uft seit heute, sodass bereits jetzt Karten gesichert werden k\u00f6nnen. Kurzentschlossene k\u00f6nnen auch noch Restkarten &hellip;<\/p>\n<\/div>","protected":false},"author":1,"featured_media":180907,"comment_status":"closed","ping_status":"closed","sticky":false,"template":"","format":"standard","meta":{"footnotes":""},"categories":[1],"tags":[],"class_list":["post-180906","post","type-post","status-publish","format-standard","has-post-thumbnail","hentry","category-startseite"],"_links":{"self":[{"href":"https:\/\/www.fuldaernachrichten.de\/index.php?rest_route=\/wp\/v2\/posts\/180906","targetHints":{"allow":["GET"]}}],"collection":[{"href":"https:\/\/www.fuldaernachrichten.de\/index.php?rest_route=\/wp\/v2\/posts"}],"about":[{"href":"https:\/\/www.fuldaernachrichten.de\/index.php?rest_route=\/wp\/v2\/types\/post"}],"author":[{"embeddable":true,"href":"https:\/\/www.fuldaernachrichten.de\/index.php?rest_route=\/wp\/v2\/users\/1"}],"replies":[{"embeddable":true,"href":"https:\/\/www.fuldaernachrichten.de\/index.php?rest_route=%2Fwp%2Fv2%2Fcomments&post=180906"}],"version-history":[{"count":1,"href":"https:\/\/www.fuldaernachrichten.de\/index.php?rest_route=\/wp\/v2\/posts\/180906\/revisions"}],"predecessor-version":[{"id":180908,"href":"https:\/\/www.fuldaernachrichten.de\/index.php?rest_route=\/wp\/v2\/posts\/180906\/revisions\/180908"}],"wp:featuredmedia":[{"embeddable":true,"href":"https:\/\/www.fuldaernachrichten.de\/index.php?rest_route=\/wp\/v2\/media\/180907"}],"wp:attachment":[{"href":"https:\/\/www.fuldaernachrichten.de\/index.php?rest_route=%2Fwp%2Fv2%2Fmedia&parent=180906"}],"wp:term":[{"taxonomy":"category","embeddable":true,"href":"https:\/\/www.fuldaernachrichten.de\/index.php?rest_route=%2Fwp%2Fv2%2Fcategories&post=180906"},{"taxonomy":"post_tag","embeddable":true,"href":"https:\/\/www.fuldaernachrichten.de\/index.php?rest_route=%2Fwp%2Fv2%2Ftags&post=180906"}],"curies":[{"name":"wp","href":"https:\/\/api.w.org\/{rel}","templated":true}]}}