{"id":18089,"date":"2008-12-25T05:32:04","date_gmt":"2008-12-25T04:32:04","guid":{"rendered":"http:\/\/www.schoene-nachrichten.de\/?p=18089"},"modified":"2008-12-25T05:32:04","modified_gmt":"2008-12-25T04:32:04","slug":"dr-herr-begruesst-das-pendlerurteil","status":"publish","type":"post","link":"https:\/\/www.fuldaernachrichten.de\/?p=18089","title":{"rendered":"Dr. Herr begr\u00fc\u00dft das Pendler\u2013Urteil"},"content":{"rendered":"<p><strong>Fulda. <\/strong>Der Landtagskandidat, der sich immer gegen die Abschaffung der Pendlerpauschale ausgesprochen hatte, w\u00fcrdigte die Entscheidung des Bundesverfassungsgerichtes als \u201esozial f\u00fcr die Menschen und gut f\u00fcr die Region\u201c. Weiter f\u00fcgte Dr. Herr hinzu, dass die nun aufgehobene Regelung, die eine Zahlung der Pendlerpauschale erst ab dem 21. Kilometer vorsah, \u201eh\u00f6chst ungerecht\u201c gewesen sei. \u201eWer sich tagt\u00e4glich auf den Weg zur Arbeit macht, muss auch merken, dass es sich lohnt\u201c, f\u00fchrte der Landtagskandidat aus.<!--more--><\/p>\n<p><strong>Urteil gerade f\u00fcr l\u00e4ndlich strukturierten Landkreis Fulda wichtig<\/strong><br \/>\nDar\u00fcber hinaus spr\u00e4chen auch wichtige strukturpolitische Erw\u00e4gungen, wie der Erhalt der l\u00e4ndlichen Struktur, f\u00fcr die Wiedereinf\u00fchrung der Pendlerpauschale ab dem 1. Kilometer.<br \/>\nSo w\u00fcrde hierdurch die Abwanderung der Menschen vermieden und Leerstand von Immobilien verhindert. Gerade in einem l\u00e4ndlich strukturierten Kreis wie Fulda sei dies enorm wichtig.<\/p>\n<p>Eine Abwanderung der Menschen in Ballungsgebiete f\u00fchre dort zu den bekannten und unerw\u00fcnschten Problemen bei weiter zunehmender Verdichtung. Umgekehrt f\u00fchre Leerstand bei Immobilien und ein Ausd\u00fcnnen l\u00e4ndlicher Ortschaften zu erheblichen Folgekosten, da die Infrastruktur unterhalten werden m\u00fcsse. Nur durch eine Entzerrung der Bev\u00f6lkerung k\u00f6nne dies\u00c2\u00a0 vermieden werden.<\/p>\n<p>Dies seien \u201egewichtige Argumente f\u00fcr die Pendlerpauschale, die auch nicht mit dem plakativen Argument \u201eNaturschutz\u201c aufgewogen w\u00fcrden\u201c, res\u00fcmierte der CDU \u2013 Politiker, \u201e denn gerade der Naturschutz leide in den Verdichtungsr\u00e4umen.\u201c<\/p>\n<p><strong>Richtige Konjunkturpaket<\/strong><br \/>\nInsgesamt sei somit eine politisch falsche Entscheidung zugunsten der Anliegen der Menschen korrigiert worden. \u201eBei den Arbeitnehmern bleibt mehr in der Tasche. Das ist das richtige Konjunkturpaket in schwierigen Zeiten.\u201c so Dr. Herr abschlie\u00dfend.<\/p>\n","protected":false},"excerpt":{"rendered":"<div class=\"tmnf_excerpt\"><p>Fulda. Der Landtagskandidat, der sich immer gegen die Abschaffung der Pendlerpauschale ausgesprochen hatte, w\u00fcrdigte die Entscheidung des Bundesverfassungsgerichtes als \u201esozial f\u00fcr die Menschen und gut f\u00fcr die Region\u201c. Weiter f\u00fcgte Dr. Herr hinzu, dass die nun aufgehobene Regelung, die eine Zahlung der Pendlerpauschale erst ab dem 21. Kilometer vorsah, \u201eh\u00f6chst ungerecht\u201c gewesen sei. \u201eWer sich &hellip;<\/p>\n<\/div>","protected":false},"author":1,"featured_media":0,"comment_status":"closed","ping_status":"closed","sticky":false,"template":"","format":"standard","meta":{"footnotes":""},"categories":[1,35,29],"tags":[],"class_list":["post-18089","post","type-post","status-publish","format-standard","hentry","category-startseite","category-auto","category-politik"],"_links":{"self":[{"href":"https:\/\/www.fuldaernachrichten.de\/index.php?rest_route=\/wp\/v2\/posts\/18089","targetHints":{"allow":["GET"]}}],"collection":[{"href":"https:\/\/www.fuldaernachrichten.de\/index.php?rest_route=\/wp\/v2\/posts"}],"about":[{"href":"https:\/\/www.fuldaernachrichten.de\/index.php?rest_route=\/wp\/v2\/types\/post"}],"author":[{"embeddable":true,"href":"https:\/\/www.fuldaernachrichten.de\/index.php?rest_route=\/wp\/v2\/users\/1"}],"replies":[{"embeddable":true,"href":"https:\/\/www.fuldaernachrichten.de\/index.php?rest_route=%2Fwp%2Fv2%2Fcomments&post=18089"}],"version-history":[{"count":5,"href":"https:\/\/www.fuldaernachrichten.de\/index.php?rest_route=\/wp\/v2\/posts\/18089\/revisions"}],"predecessor-version":[{"id":18282,"href":"https:\/\/www.fuldaernachrichten.de\/index.php?rest_route=\/wp\/v2\/posts\/18089\/revisions\/18282"}],"wp:attachment":[{"href":"https:\/\/www.fuldaernachrichten.de\/index.php?rest_route=%2Fwp%2Fv2%2Fmedia&parent=18089"}],"wp:term":[{"taxonomy":"category","embeddable":true,"href":"https:\/\/www.fuldaernachrichten.de\/index.php?rest_route=%2Fwp%2Fv2%2Fcategories&post=18089"},{"taxonomy":"post_tag","embeddable":true,"href":"https:\/\/www.fuldaernachrichten.de\/index.php?rest_route=%2Fwp%2Fv2%2Ftags&post=18089"}],"curies":[{"name":"wp","href":"https:\/\/api.w.org\/{rel}","templated":true}]}}