{"id":180886,"date":"2019-08-29T17:02:49","date_gmt":"2019-08-29T15:02:49","guid":{"rendered":"http:\/\/www.fuldaer-nachrichten.de\/?p=180886"},"modified":"2019-08-29T17:02:49","modified_gmt":"2019-08-29T15:02:49","slug":"arbeitskraeftenachfrage-auf-stabilem-niveau-beschaeftigung-waechst-durch-zuwanderung","status":"publish","type":"post","link":"https:\/\/www.fuldaernachrichten.de\/?p=180886","title":{"rendered":"Arbeitskr\u00e4ftenachfrage auf stabilem Niveau \u2013 Besch\u00e4ftigung w\u00e4chst durch Zuwanderung"},"content":{"rendered":"<p>Die Arbeitskr\u00e4ftenachfrage in Hessen ist im August leicht gesunken. Der Stellenindex der Bundesagentur f\u00fcr Arbeit (BA-X) verzeichnete 220 Punkte und somit zwei Punkte weniger als noch im Vormonat. Im letzten Jahr wurde im August ein Wert von 229 Punkten erreicht. \u201eDer Stellenindex ist auf das Niveau von 2017 zur\u00fcckgekehrt. Die Besch\u00e4ftigungsentwicklung ist weiterhin robust und die Nachfrage nach Fachkr\u00e4ften konstant. In Hessen besteht ein hoher Bedarf an Mitarbeitern in der Logistik, dem Einzelhandel und den pflegerischen und erzieherischen Berufen. Bereits heute ist der hessische Arbeitsmarkt auf Zuwanderung angewiesen\u201c, stellt Dr. Frank Martin, Leiter der Regionaldirektion Hessen, fest.<!--more--><\/p>\n<p>Rund 16 Prozent der sozialversicherungspflichtig Besch\u00e4ftigten in Hessen haben keinen deutschen Pass. Davon stammt rund jeder dritte sozialversicherungspflichtig Besch\u00e4ftigte aus einem Staat der EU-Osterweiterung.<\/p>\n<p>Sozialversicherungspflichtig Besch\u00e4ftigte aus dem Ausland sind in Hessen mehrheitlich im Baugewerbe, den Sonstigen Wirtschaftlichen Dienstleistungen, der Logistik, dem Handel, dem Verarbeitenden Gewerbe und dem Gastgewerbe besch\u00e4ftigt.<\/p>\n<p>Die meisten offenen Stellen wurden in Hessen zuletzt f\u00fcr Berufe in der Lagerwirtschaft, dem Verkauf, in der Altenpflege sowie im Objekt- und Personenschutz bei den hessischen Agenturen f\u00fcr Arbeit gemeldet.<\/p>\n","protected":false},"excerpt":{"rendered":"<div class=\"tmnf_excerpt\"><p>Die Arbeitskr\u00e4ftenachfrage in Hessen ist im August leicht gesunken. Der Stellenindex der Bundesagentur f\u00fcr Arbeit (BA-X) verzeichnete 220 Punkte und somit zwei Punkte weniger als noch im Vormonat. Im letzten Jahr wurde im August ein Wert von 229 Punkten erreicht. \u201eDer Stellenindex ist auf das Niveau von 2017 zur\u00fcckgekehrt. Die Besch\u00e4ftigungsentwicklung ist weiterhin robust und &hellip;<\/p>\n<\/div>","protected":false},"author":1,"featured_media":0,"comment_status":"closed","ping_status":"closed","sticky":false,"template":"","format":"standard","meta":{"footnotes":""},"categories":[1],"tags":[],"class_list":["post-180886","post","type-post","status-publish","format-standard","hentry","category-startseite"],"_links":{"self":[{"href":"https:\/\/www.fuldaernachrichten.de\/index.php?rest_route=\/wp\/v2\/posts\/180886","targetHints":{"allow":["GET"]}}],"collection":[{"href":"https:\/\/www.fuldaernachrichten.de\/index.php?rest_route=\/wp\/v2\/posts"}],"about":[{"href":"https:\/\/www.fuldaernachrichten.de\/index.php?rest_route=\/wp\/v2\/types\/post"}],"author":[{"embeddable":true,"href":"https:\/\/www.fuldaernachrichten.de\/index.php?rest_route=\/wp\/v2\/users\/1"}],"replies":[{"embeddable":true,"href":"https:\/\/www.fuldaernachrichten.de\/index.php?rest_route=%2Fwp%2Fv2%2Fcomments&post=180886"}],"version-history":[{"count":1,"href":"https:\/\/www.fuldaernachrichten.de\/index.php?rest_route=\/wp\/v2\/posts\/180886\/revisions"}],"predecessor-version":[{"id":180887,"href":"https:\/\/www.fuldaernachrichten.de\/index.php?rest_route=\/wp\/v2\/posts\/180886\/revisions\/180887"}],"wp:attachment":[{"href":"https:\/\/www.fuldaernachrichten.de\/index.php?rest_route=%2Fwp%2Fv2%2Fmedia&parent=180886"}],"wp:term":[{"taxonomy":"category","embeddable":true,"href":"https:\/\/www.fuldaernachrichten.de\/index.php?rest_route=%2Fwp%2Fv2%2Fcategories&post=180886"},{"taxonomy":"post_tag","embeddable":true,"href":"https:\/\/www.fuldaernachrichten.de\/index.php?rest_route=%2Fwp%2Fv2%2Ftags&post=180886"}],"curies":[{"name":"wp","href":"https:\/\/api.w.org\/{rel}","templated":true}]}}