{"id":180851,"date":"2019-08-28T11:06:27","date_gmt":"2019-08-28T09:06:27","guid":{"rendered":"http:\/\/www.fuldaer-nachrichten.de\/?p=180851"},"modified":"2019-08-28T11:06:27","modified_gmt":"2019-08-28T09:06:27","slug":"caritas-im-bistum-fulda-realisiert-kunstbuchprojekt","status":"publish","type":"post","link":"https:\/\/www.fuldaernachrichten.de\/?p=180851","title":{"rendered":"Caritas im Bistum Fulda realisiert Kunstbuchprojekt"},"content":{"rendered":"<p>Kommunikation \u2013 Interaktion \u2013 Integration: Das sind die drei Schlagworte, die das in diesen Tagen erschienene Kunstbuch der Caritas im Bistum Fulda beschreiben. Worum geht es? Vorrangige Herausforderungen im Zuge der Integration von Gefl\u00fcchteten sind Verst\u00e4ndigungs- und Verst\u00e4ndnisschwierigkeiten, sowohl in Bezug auf die deutsche Sprache als auch die deutsche Kultur. Zentrales Ziel der Caritas-Arbeit ist es dabei, den betroffenen Personen die Unterst\u00fctzung anzubieten, die ihnen hilft, sich zu orientieren und sich immer mehr als Teil der Aufnahmegesellschaft zu erfahren. Neben vielen praktischen Angeboten zur F\u00f6rderung von Integration wie Sprachkursen und alltagspraktischen Hilfestellungen zur Bew\u00e4ltigung von Beh\u00f6rdeng\u00e4ngen, Arztbesuchen sowie Arbeits- und Wohnungssuche wurden bei allen Caritasverb\u00e4nden im Bistum Fulda auch Kreativprojekte initiiert und unterst\u00fctzt. Diese erm\u00f6glichen es den Betroffenen, sich in ihrer jeweiligen Lebenssituation auszudr\u00fccken, Gemeinschaft zu erleben und sich auf positive Weise auch selbst zu erfahren.<!--more--><\/p>\n<p>In dem Kunst-Buchprojekt werden diese unterschiedlichen k\u00fcnstlerischen Projekte, ihre Initiatorinnen und Initiatoren sowie die Teilnehmenden vorgestellt. Mithilfe zahlreicher Bilder und Zitate soll ein Einblick in die oft erstaunlichen Entwicklungen gegeben werden, die sich w\u00e4hrend der Prozesse gemeinsamen Schaffens vollziehen konnten.<br \/>\nMit dem k\u00fcnstlerischen Buchprojekt \u201eKommunikation \u2013 Interaktion \u2013 Integration\u201c sollen positive Beispiele aufgezeigt werden, wie Sprachbarrieren abgebaut, Fremdheit im Miteinander reduziert und Selbstbewusstsein gef\u00f6rdert werden kann.<\/p>\n<p>Das Buch kann nur \u00fcber die Caritas bezogen werden und wird an Interessierte in Einzelexemplaren kostenlos abgegeben, solange der Vorrat reicht. Bestellungen bitte per EMail an franziska.engelbracht@caritas-fulda.de.<\/p>\n","protected":false},"excerpt":{"rendered":"<div class=\"tmnf_excerpt\"><p>Kommunikation \u2013 Interaktion \u2013 Integration: Das sind die drei Schlagworte, die das in diesen Tagen erschienene Kunstbuch der Caritas im Bistum Fulda beschreiben. Worum geht es? Vorrangige Herausforderungen im Zuge der Integration von Gefl\u00fcchteten sind Verst\u00e4ndigungs- und Verst\u00e4ndnisschwierigkeiten, sowohl in Bezug auf die deutsche Sprache als auch die deutsche Kultur. Zentrales Ziel der Caritas-Arbeit ist &hellip;<\/p>\n<\/div>","protected":false},"author":1,"featured_media":180852,"comment_status":"closed","ping_status":"closed","sticky":false,"template":"","format":"standard","meta":{"footnotes":""},"categories":[1],"tags":[],"class_list":["post-180851","post","type-post","status-publish","format-standard","has-post-thumbnail","hentry","category-startseite"],"_links":{"self":[{"href":"https:\/\/www.fuldaernachrichten.de\/index.php?rest_route=\/wp\/v2\/posts\/180851","targetHints":{"allow":["GET"]}}],"collection":[{"href":"https:\/\/www.fuldaernachrichten.de\/index.php?rest_route=\/wp\/v2\/posts"}],"about":[{"href":"https:\/\/www.fuldaernachrichten.de\/index.php?rest_route=\/wp\/v2\/types\/post"}],"author":[{"embeddable":true,"href":"https:\/\/www.fuldaernachrichten.de\/index.php?rest_route=\/wp\/v2\/users\/1"}],"replies":[{"embeddable":true,"href":"https:\/\/www.fuldaernachrichten.de\/index.php?rest_route=%2Fwp%2Fv2%2Fcomments&post=180851"}],"version-history":[{"count":1,"href":"https:\/\/www.fuldaernachrichten.de\/index.php?rest_route=\/wp\/v2\/posts\/180851\/revisions"}],"predecessor-version":[{"id":180853,"href":"https:\/\/www.fuldaernachrichten.de\/index.php?rest_route=\/wp\/v2\/posts\/180851\/revisions\/180853"}],"wp:featuredmedia":[{"embeddable":true,"href":"https:\/\/www.fuldaernachrichten.de\/index.php?rest_route=\/wp\/v2\/media\/180852"}],"wp:attachment":[{"href":"https:\/\/www.fuldaernachrichten.de\/index.php?rest_route=%2Fwp%2Fv2%2Fmedia&parent=180851"}],"wp:term":[{"taxonomy":"category","embeddable":true,"href":"https:\/\/www.fuldaernachrichten.de\/index.php?rest_route=%2Fwp%2Fv2%2Fcategories&post=180851"},{"taxonomy":"post_tag","embeddable":true,"href":"https:\/\/www.fuldaernachrichten.de\/index.php?rest_route=%2Fwp%2Fv2%2Ftags&post=180851"}],"curies":[{"name":"wp","href":"https:\/\/api.w.org\/{rel}","templated":true}]}}