{"id":180826,"date":"2019-08-27T22:10:41","date_gmt":"2019-08-27T20:10:41","guid":{"rendered":"http:\/\/www.fuldaer-nachrichten.de\/?p=180826"},"modified":"2019-08-27T22:10:41","modified_gmt":"2019-08-27T20:10:41","slug":"1275-jahre-fulda-in-60-minuten-kostenlose-sonntagsfuehrungen-an-drei-tagen-im-vonderau-museum","status":"publish","type":"post","link":"https:\/\/www.fuldaernachrichten.de\/?p=180826","title":{"rendered":"1275 Jahre Fulda in 60 Minuten &#8211; Kostenlose Sonntagsf\u00fchrungen an drei Tagen im Vonderau-Museum"},"content":{"rendered":"<p>Anl\u00e4sslich des Stadtjubil\u00e4ums l\u00e4dt das Vonderau-Museum zu einer neuen \u00f6ffentlichen F\u00fchrung durch die Dauerausstellung Kulturgeschichte. Bei dem einst\u00fcndigen Rundgang werden Highlights und Sch\u00e4tze des Museums pr\u00e4sentiert und bieten spannende Einblicke in 1275 Jahre Fuldaer Stadtgeschichte vom Mittelalter bis in die Gegenwart. Die erste F\u00fchrung findet am Sonntag, 1. September, von 15 bis 16 Uhr statt. Die F\u00fchrung leitet Katja Galinski.<!--more--><\/p>\n<p><strong>Weitere Termine:<\/strong><\/p>\n<p>Sonntag, 3. November, 15 bis 16 Uhr<\/p>\n<p>Sonntag, 1. Dezember, 15 bis 16 Uhr<\/p>\n<p><em>Hinweis: An jedem 1. Sonntag im Monat ist der Eintritt ins Museum f\u00fcr alle Besucherinnen und Besucher frei. Treffpunkt zu allen F\u00fchrungen ist an der Museumskasse. Eine Anmeldung ist nicht erforderlich.<\/em><\/p>\n<p>Mehr Infos unter <a href=\"http:\/\/www.museum-fulda.de\" target=\"_blank\" rel=\"noopener noreferrer\">www.museum-fulda.de<\/a><\/p>\n<p>&nbsp;<\/p>\n","protected":false},"excerpt":{"rendered":"<div class=\"tmnf_excerpt\"><p>Anl\u00e4sslich des Stadtjubil\u00e4ums l\u00e4dt das Vonderau-Museum zu einer neuen \u00f6ffentlichen F\u00fchrung durch die Dauerausstellung Kulturgeschichte. Bei dem einst\u00fcndigen Rundgang werden Highlights und Sch\u00e4tze des Museums pr\u00e4sentiert und bieten spannende Einblicke in 1275 Jahre Fuldaer Stadtgeschichte vom Mittelalter bis in die Gegenwart. Die erste F\u00fchrung findet am Sonntag, 1. September, von 15 bis 16 Uhr statt. &hellip;<\/p>\n<\/div>","protected":false},"author":1,"featured_media":180827,"comment_status":"closed","ping_status":"closed","sticky":false,"template":"","format":"standard","meta":{"footnotes":""},"categories":[1],"tags":[],"class_list":["post-180826","post","type-post","status-publish","format-standard","has-post-thumbnail","hentry","category-startseite"],"_links":{"self":[{"href":"https:\/\/www.fuldaernachrichten.de\/index.php?rest_route=\/wp\/v2\/posts\/180826","targetHints":{"allow":["GET"]}}],"collection":[{"href":"https:\/\/www.fuldaernachrichten.de\/index.php?rest_route=\/wp\/v2\/posts"}],"about":[{"href":"https:\/\/www.fuldaernachrichten.de\/index.php?rest_route=\/wp\/v2\/types\/post"}],"author":[{"embeddable":true,"href":"https:\/\/www.fuldaernachrichten.de\/index.php?rest_route=\/wp\/v2\/users\/1"}],"replies":[{"embeddable":true,"href":"https:\/\/www.fuldaernachrichten.de\/index.php?rest_route=%2Fwp%2Fv2%2Fcomments&post=180826"}],"version-history":[{"count":1,"href":"https:\/\/www.fuldaernachrichten.de\/index.php?rest_route=\/wp\/v2\/posts\/180826\/revisions"}],"predecessor-version":[{"id":180828,"href":"https:\/\/www.fuldaernachrichten.de\/index.php?rest_route=\/wp\/v2\/posts\/180826\/revisions\/180828"}],"wp:featuredmedia":[{"embeddable":true,"href":"https:\/\/www.fuldaernachrichten.de\/index.php?rest_route=\/wp\/v2\/media\/180827"}],"wp:attachment":[{"href":"https:\/\/www.fuldaernachrichten.de\/index.php?rest_route=%2Fwp%2Fv2%2Fmedia&parent=180826"}],"wp:term":[{"taxonomy":"category","embeddable":true,"href":"https:\/\/www.fuldaernachrichten.de\/index.php?rest_route=%2Fwp%2Fv2%2Fcategories&post=180826"},{"taxonomy":"post_tag","embeddable":true,"href":"https:\/\/www.fuldaernachrichten.de\/index.php?rest_route=%2Fwp%2Fv2%2Ftags&post=180826"}],"curies":[{"name":"wp","href":"https:\/\/api.w.org\/{rel}","templated":true}]}}