{"id":180800,"date":"2019-08-27T21:15:03","date_gmt":"2019-08-27T19:15:03","guid":{"rendered":"http:\/\/www.fuldaer-nachrichten.de\/?p=180800"},"modified":"2019-08-27T21:15:03","modified_gmt":"2019-08-27T19:15:03","slug":"der-erste-schritt-zum-wiedereinstieg-beauftragte-fuer-chancengleichheit-informiert-berufsrueckkehrende-4","status":"publish","type":"post","link":"https:\/\/www.fuldaernachrichten.de\/?p=180800","title":{"rendered":"Der erste Schritt zum Wiedereinstieg: Beauftragte f\u00fcr Chancengleichheit informiert Berufsr\u00fcckkehrende"},"content":{"rendered":"<p>Interessierte Frauen und M\u00e4nner haben am 3. September die M\u00f6glichkeit, an einem Seminar zum Thema beruflicher Wiedereinstieg nach Familienarbeit teilzunehmen. Die Arbeitsagentur m\u00f6chte mit diesem Angebot Berufsr\u00fcckkehrende bei der Bestimmung ihres Standortes und der Planung ihres Wiedereinstiegs unterst\u00fctzen. M\u00fctter und V\u00e4ter, die ihre berufliche T\u00e4tigkeit wegen der Betreuung von Kindern unterbrochen haben, erhalten Informationen zum Arbeitsmarkt, M\u00f6glichkeiten und Wege zum Wiedereinstieg in das Berufsleben sowie entsprechende Hilfen.<br \/>\n<!--more--><br \/>\nRegionale Informationsangebote und M\u00f6glichkeiten der Selbstinformation werden ebenso thematisiert. Hinweise zu Minijobs und Kompetenzfeststellung runden das Informationsangebot ab. Das Seminar richtet sich auch an Arbeitnehmerinnen und Arbeitnehmer, die sich nach der Pflege von Angeh\u00f6rigen wieder beruflich orientieren<br \/>\nm\u00f6chten. Die Veranstaltung beginnt um 9 Uhr im Gruppenraum des Berufs- informationszentrums (BiZ) der Agentur f\u00fcr Arbeit in Bad Hersfeld (Vitalisstr. 1). Aufgrund der begrenzten Teilnehmerzahl ist eine Anmeldung \u00fcber folgende<br \/>\nKontaktdaten erforderlich.<\/p>\n<p>Kontakt<br \/>\nTelefon: +49 6621 209 543<br \/>\nE-Mail: BadHersfeld-Fulda.BCA@arbeitsagentur.de<\/p>\n","protected":false},"excerpt":{"rendered":"<div class=\"tmnf_excerpt\"><p>Interessierte Frauen und M\u00e4nner haben am 3. September die M\u00f6glichkeit, an einem Seminar zum Thema beruflicher Wiedereinstieg nach Familienarbeit teilzunehmen. Die Arbeitsagentur m\u00f6chte mit diesem Angebot Berufsr\u00fcckkehrende bei der Bestimmung ihres Standortes und der Planung ihres Wiedereinstiegs unterst\u00fctzen. M\u00fctter und V\u00e4ter, die ihre berufliche T\u00e4tigkeit wegen der Betreuung von Kindern unterbrochen haben, erhalten Informationen zum &hellip;<\/p>\n<\/div>","protected":false},"author":1,"featured_media":0,"comment_status":"closed","ping_status":"closed","sticky":false,"template":"","format":"standard","meta":{"footnotes":""},"categories":[1],"tags":[],"class_list":["post-180800","post","type-post","status-publish","format-standard","hentry","category-startseite"],"_links":{"self":[{"href":"https:\/\/www.fuldaernachrichten.de\/index.php?rest_route=\/wp\/v2\/posts\/180800","targetHints":{"allow":["GET"]}}],"collection":[{"href":"https:\/\/www.fuldaernachrichten.de\/index.php?rest_route=\/wp\/v2\/posts"}],"about":[{"href":"https:\/\/www.fuldaernachrichten.de\/index.php?rest_route=\/wp\/v2\/types\/post"}],"author":[{"embeddable":true,"href":"https:\/\/www.fuldaernachrichten.de\/index.php?rest_route=\/wp\/v2\/users\/1"}],"replies":[{"embeddable":true,"href":"https:\/\/www.fuldaernachrichten.de\/index.php?rest_route=%2Fwp%2Fv2%2Fcomments&post=180800"}],"version-history":[{"count":1,"href":"https:\/\/www.fuldaernachrichten.de\/index.php?rest_route=\/wp\/v2\/posts\/180800\/revisions"}],"predecessor-version":[{"id":180801,"href":"https:\/\/www.fuldaernachrichten.de\/index.php?rest_route=\/wp\/v2\/posts\/180800\/revisions\/180801"}],"wp:attachment":[{"href":"https:\/\/www.fuldaernachrichten.de\/index.php?rest_route=%2Fwp%2Fv2%2Fmedia&parent=180800"}],"wp:term":[{"taxonomy":"category","embeddable":true,"href":"https:\/\/www.fuldaernachrichten.de\/index.php?rest_route=%2Fwp%2Fv2%2Fcategories&post=180800"},{"taxonomy":"post_tag","embeddable":true,"href":"https:\/\/www.fuldaernachrichten.de\/index.php?rest_route=%2Fwp%2Fv2%2Ftags&post=180800"}],"curies":[{"name":"wp","href":"https:\/\/api.w.org\/{rel}","templated":true}]}}