{"id":180790,"date":"2019-08-27T20:59:30","date_gmt":"2019-08-27T18:59:30","guid":{"rendered":"http:\/\/www.fuldaer-nachrichten.de\/?p=180790"},"modified":"2019-08-27T20:59:30","modified_gmt":"2019-08-27T18:59:30","slug":"examensfeier-im-bildungszentrum-des-klinikums-fulda-17-stolze-absolventeninnen-feiern-ihre-pflege-examen","status":"publish","type":"post","link":"https:\/\/www.fuldaernachrichten.de\/?p=180790","title":{"rendered":"Examensfeier im BildungsZentrum des Klinikums Fulda: 17 stolze Absolventen*innen feiern ihre Pflege-Examen"},"content":{"rendered":"<p>Nach drei intensiven Jahren der Ausbildung ist es endlich geschafft! Die Freude stand den 17 frisch gebackenen Gesundheits- und Krankenpfleger*innen f\u00f6rmlich ins Gesicht geschrieben. Im Rahmen der offiziellen Examensfeier am 22.08.2019 im Klinikum Fulda, begr\u00fc\u00dfte Ingrid Schroeder, Leiterin des BildungsZentrums am Klinikum Fulda, die zahlreich erschienenen G\u00e4ste und nutze die Gelegenheit, sich bei den Lehrkr\u00e4ften, dem Pflegepersonal, den Praxisanleitern und den Dozenten f\u00fcr ihre exzellente Arbeit zu bedanken. Ebenso dankte sie dem Pflegekurs 09-18, der mit Musik und einem selbst gedrehten Video die Feierlichkeiten bereichert hat.<!--more--><\/p>\n<p>Pflegedirektor Ronald Poljak, der auch in Vertretung f\u00fcr Klinikums-Vorstand Priv.-Doz. Dr. Thomas Menzel, herzliche Gl\u00fcckw\u00fcnsche \u00fcbermittelte, bedankte sich in seinem Gru\u00dfwort bei den Absolventen*innen, dass sie vor 3 Jahren die Herausforderung der extrem anspruchsvollen Ausbildung zum Gesundheits- und Krankenpfleger*in angenommen und heute so erfolgreich abgeschlossen haben. \u201eIch bin sehr stolz, dass sich 16 von Ihnen f\u00fcr ein weiteres Berufsleben hier bei uns am Klinikum entschieden haben\u201c, so der Pflegedirektor abschlie\u00dfend.<\/p>\n<p>Mathias G\u00e4rtner, Kursleiter des Absolventenkurses, stellte in seiner Rede die au\u00dferordentliche Leistung des Kurses da, denn \u201enoch nie hatte ich den Fall, dass alle die schriftlichen Pr\u00fcfungen bestanden haben\u201c.\u00c2\u00a0\u00c2\u00a0Auch der Betriebsratsvorsitzende Thomas Gerlach und der Vertreter der Jugend- und Auszubildendenvertretung gratulierten allen Absolventen*innen im Namen des gesamten Betriebsrats zu den bestandenen Examen.<\/p>\n<p><strong>Zu den Absolventen geh\u00f6ren:<\/strong><br \/>\nBayar, Burcu<br \/>\nFraser, Alicia<br \/>\nFried, Franziska<br \/>\nG\u00e4rtner, Julian<br \/>\nHorst, Franziska<br \/>\nJahn, Anna<br \/>\nLanger, Annika<br \/>\nLemb, Alina<br \/>\nMaczkowiecz, Leoni<br \/>\nMaierhof, Mara<br \/>\nNeubauer, Paula<br \/>\nQuell, Maria Rosel<br \/>\nReich, Johannes Lukas<br \/>\nR\u00fcb, Julia<br \/>\nSchwabauer, Irina<br \/>\nWorischek, Ruben<br \/>\nZiesmann, Regina<\/p>\n","protected":false},"excerpt":{"rendered":"<div class=\"tmnf_excerpt\"><p>Nach drei intensiven Jahren der Ausbildung ist es endlich geschafft! Die Freude stand den 17 frisch gebackenen Gesundheits- und Krankenpfleger*innen f\u00f6rmlich ins Gesicht geschrieben. Im Rahmen der offiziellen Examensfeier am 22.08.2019 im Klinikum Fulda, begr\u00fc\u00dfte Ingrid Schroeder, Leiterin des BildungsZentrums am Klinikum Fulda, die zahlreich erschienenen G\u00e4ste und nutze die Gelegenheit, sich bei den Lehrkr\u00e4ften, &hellip;<\/p>\n<\/div>","protected":false},"author":1,"featured_media":180794,"comment_status":"closed","ping_status":"closed","sticky":false,"template":"","format":"standard","meta":{"footnotes":""},"categories":[1],"tags":[],"class_list":["post-180790","post","type-post","status-publish","format-standard","has-post-thumbnail","hentry","category-startseite"],"_links":{"self":[{"href":"https:\/\/www.fuldaernachrichten.de\/index.php?rest_route=\/wp\/v2\/posts\/180790","targetHints":{"allow":["GET"]}}],"collection":[{"href":"https:\/\/www.fuldaernachrichten.de\/index.php?rest_route=\/wp\/v2\/posts"}],"about":[{"href":"https:\/\/www.fuldaernachrichten.de\/index.php?rest_route=\/wp\/v2\/types\/post"}],"author":[{"embeddable":true,"href":"https:\/\/www.fuldaernachrichten.de\/index.php?rest_route=\/wp\/v2\/users\/1"}],"replies":[{"embeddable":true,"href":"https:\/\/www.fuldaernachrichten.de\/index.php?rest_route=%2Fwp%2Fv2%2Fcomments&post=180790"}],"version-history":[{"count":2,"href":"https:\/\/www.fuldaernachrichten.de\/index.php?rest_route=\/wp\/v2\/posts\/180790\/revisions"}],"predecessor-version":[{"id":180795,"href":"https:\/\/www.fuldaernachrichten.de\/index.php?rest_route=\/wp\/v2\/posts\/180790\/revisions\/180795"}],"wp:featuredmedia":[{"embeddable":true,"href":"https:\/\/www.fuldaernachrichten.de\/index.php?rest_route=\/wp\/v2\/media\/180794"}],"wp:attachment":[{"href":"https:\/\/www.fuldaernachrichten.de\/index.php?rest_route=%2Fwp%2Fv2%2Fmedia&parent=180790"}],"wp:term":[{"taxonomy":"category","embeddable":true,"href":"https:\/\/www.fuldaernachrichten.de\/index.php?rest_route=%2Fwp%2Fv2%2Fcategories&post=180790"},{"taxonomy":"post_tag","embeddable":true,"href":"https:\/\/www.fuldaernachrichten.de\/index.php?rest_route=%2Fwp%2Fv2%2Ftags&post=180790"}],"curies":[{"name":"wp","href":"https:\/\/api.w.org\/{rel}","templated":true}]}}