{"id":180744,"date":"2019-08-25T14:45:05","date_gmt":"2019-08-25T12:45:05","guid":{"rendered":"http:\/\/www.fuldaer-nachrichten.de\/?p=180744"},"modified":"2019-08-26T09:46:27","modified_gmt":"2019-08-26T07:46:27","slug":"hattrick-sieg-fuer-ott-taenak-und-toyota-bei-der-adac-rallye-deutschland","status":"publish","type":"post","link":"https:\/\/www.fuldaernachrichten.de\/?p=180744","title":{"rendered":"Hattrick-Sieg f\u00fcr Ott T\u00e4nak und Toyota bei der ADAC Rallye Deutschland"},"content":{"rendered":"<p>Ott T\u00e4nak (EST) gewinnt die ADAC Rallye Deutschland 2019. Vor 222.100 Zuschauern holt sich der 31-j\u00e4hrige Este zum dritten Mal in Folge den Sieg beim deutschen Lauf zur FIA Rallye-Weltmeisterschaft. Der Toyota-Pilot baut damit seine WM-F\u00fchrung aus. Der Hattrick von T\u00e4nak wird komplettiert durch ein lupenreines Markenpodium von Toyota Gazoo Racing WRT: Hinter T\u00e4nak sichern sich Kris Meeke (GBR) und Jari-Matti Latvala (FIN) die Pl\u00e4tze zwei und drei. In der WRC 2 gab es einen deutschen Doppelsieg durch die \u00c5\u00a0koda-Piloten Fabian Kreim und Marijan Griebel.<!--more--><\/p>\n<p>ADAC Sportpr\u00e4sident Hermann Tomczyk zog eine positive Bilanz: &#8220;Herzlichen Gl\u00fcckwunsch an Ott T\u00e4nak zum dritten Sieg in Folge bei der ADAC Rallye Deutschland. Die ADAC Rallye Deutschland war in diesem Jahr wieder einmal perfekte Werbung f\u00fcr den Rallye-Sport. Die Veranstaltung hat sportlich mit anspruchsvollen Wertungspr\u00fcfungen im Saarland, an der Mosel und im Hunsr\u00fcck gegl\u00e4nzt, unsere neuen Ideen, das Format noch kompakter und zuschauerfreundlicher zu gestalten, wurden von den Fans gut angenommen. Der deutsche Doppelsieg in der WRC 2-Klasse durch Fabian Kreim und Marijan Griebel ist ein runder Abschluss eines tollen Rallye-Festes mit mehr als 220.000 Besuchern bei perfektem Wetter. Mein besonderer Dank gilt den vielen ehrenamtlichen Helfern und unseren einzigartigen Fans sowie der saarl\u00e4ndischen Landesregierung f\u00fcr die Unterst\u00fctzung.&#8221;<\/p>\n<p>Am Finaltag ging es f\u00fcr die WRC-Stars noch einmal zu vier schweren Wertungspr\u00fcfungen (WP) in die Mosel-Weinberge. T\u00e4nak, der sich an den Vortagen einen beruhigenden Vorsprung von \u00fcber 30 Sekunden erarbeitet hatte, kontrollierte seine Verfolger, ohne dabei gro\u00dfe Risiken einzugehen. In den beiden Durchg\u00e4ngen der WP Grafschaft holte sich Thierry Neuville (BEL) die Bestzeiten. Der Belgier lag zu Rallye-Beginn auf Augenh\u00f6he mit T\u00e4nak, wurde aber am Samstag &#8211; ebenso wie Verfolger S\u00e9bastien Ogier (FRA) &#8211; auf der ber\u00fchmt-ber\u00fcchtigten Panzerplatte durch einen Reifenschaden ausgebremst. In der abschlie\u00dfenden Powerstage, der WP Dhrontal, machte T\u00e4nak schlie\u00dflich seinen dritten Gesamtsieg bei der ADAC Rallye Deutschland perfekt. Die Sonderpunkte f\u00fcr die WM-Wertung gingen an Neuville (5 Punkte), Teemu Suninen (FIN, 4 Punkte), Latvala (3 Punkte), Meeke (2 Punkte) und Ogier (1 Punkt)<\/p>\n<p>Ott T\u00e4nak: &#8220;Unser Team hatte schon ein paar Mal die Chance auf ein 1-2-3 Podium. Ich freue mich sehr, dass wir das nun endlich geschafft haben. In der vorletzten Pr\u00fcfung hatten wir uns leider noch ein Problem eingehandelt. Pl\u00f6tzlich hatten wir nur eine Bremse an der Front und ich konnte nicht mehr wirklich attackieren. Aber am Ende hat es ja doch noch f\u00fcr uns gereicht. Das ist ein toller Moment f\u00fcr das ganze Team!&#8221;<\/p>\n<p>Ein Top-Resultat gab es f\u00fcr den deutschen Rallye-Sport: In der WRC 2 fuhren Fabian Kreim und Marijan Griebel einen Doppelsieg heraus. Im brandneuen \u00c5\u00a0koda Fabia R5 evo \u00fcbernahm Kreim ab der elften Wertungspr\u00fcfung (R\u00f6merstra\u00dfe 2) die F\u00fchrung und verteidigte diese gegen die versammelte Weltelite bis zum Schluss der ADAC Rallye Deutschland. Der Sieg bei dem WM-Lauf ist der bislang gr\u00f6\u00dfte Erfolg in der Karriere des 26-j\u00e4hrigen Odenw\u00e4lders. Als Zweitplatzierter der WRC 2 beendete Kreims Markenkollege Griebel die ADAC Rallye Deutschland. Der Lokalmatador sicherte sich den Erfolg in der Powerstage, in der er mit einer Klassenbestzeit vom dritten auf den zweiten Rang vorr\u00fcckte. In der werksunterst\u00fctzten WRC 2 PRO-Wertung ging der Sieg an Jan Kopeck\u00c3\u00bd (CZE), der ebenfalls im \u00c5\u00a0koda Fabia R5 evo antrat.<\/p>\n","protected":false},"excerpt":{"rendered":"<div class=\"tmnf_excerpt\"><p>Ott T\u00e4nak (EST) gewinnt die ADAC Rallye Deutschland 2019. Vor 222.100 Zuschauern holt sich der 31-j\u00e4hrige Este zum dritten Mal in Folge den Sieg beim deutschen Lauf zur FIA Rallye-Weltmeisterschaft. Der Toyota-Pilot baut damit seine WM-F\u00fchrung aus. Der Hattrick von T\u00e4nak wird komplettiert durch ein lupenreines Markenpodium von Toyota Gazoo Racing WRT: Hinter T\u00e4nak sichern &hellip;<\/p>\n<\/div>","protected":false},"author":1,"featured_media":180745,"comment_status":"closed","ping_status":"closed","sticky":false,"template":"","format":"standard","meta":{"footnotes":""},"categories":[1],"tags":[],"class_list":["post-180744","post","type-post","status-publish","format-standard","has-post-thumbnail","hentry","category-startseite"],"_links":{"self":[{"href":"https:\/\/www.fuldaernachrichten.de\/index.php?rest_route=\/wp\/v2\/posts\/180744","targetHints":{"allow":["GET"]}}],"collection":[{"href":"https:\/\/www.fuldaernachrichten.de\/index.php?rest_route=\/wp\/v2\/posts"}],"about":[{"href":"https:\/\/www.fuldaernachrichten.de\/index.php?rest_route=\/wp\/v2\/types\/post"}],"author":[{"embeddable":true,"href":"https:\/\/www.fuldaernachrichten.de\/index.php?rest_route=\/wp\/v2\/users\/1"}],"replies":[{"embeddable":true,"href":"https:\/\/www.fuldaernachrichten.de\/index.php?rest_route=%2Fwp%2Fv2%2Fcomments&post=180744"}],"version-history":[{"count":1,"href":"https:\/\/www.fuldaernachrichten.de\/index.php?rest_route=\/wp\/v2\/posts\/180744\/revisions"}],"predecessor-version":[{"id":180746,"href":"https:\/\/www.fuldaernachrichten.de\/index.php?rest_route=\/wp\/v2\/posts\/180744\/revisions\/180746"}],"wp:featuredmedia":[{"embeddable":true,"href":"https:\/\/www.fuldaernachrichten.de\/index.php?rest_route=\/wp\/v2\/media\/180745"}],"wp:attachment":[{"href":"https:\/\/www.fuldaernachrichten.de\/index.php?rest_route=%2Fwp%2Fv2%2Fmedia&parent=180744"}],"wp:term":[{"taxonomy":"category","embeddable":true,"href":"https:\/\/www.fuldaernachrichten.de\/index.php?rest_route=%2Fwp%2Fv2%2Fcategories&post=180744"},{"taxonomy":"post_tag","embeddable":true,"href":"https:\/\/www.fuldaernachrichten.de\/index.php?rest_route=%2Fwp%2Fv2%2Ftags&post=180744"}],"curies":[{"name":"wp","href":"https:\/\/api.w.org\/{rel}","templated":true}]}}