{"id":180738,"date":"2019-08-24T22:41:11","date_gmt":"2019-08-24T20:41:11","guid":{"rendered":"http:\/\/www.fuldaer-nachrichten.de\/?p=180738"},"modified":"2019-08-26T09:43:15","modified_gmt":"2019-08-26T07:43:15","slug":"ott-taenak-auf-dem-weg-zum-hattrick-bei-der-adac-rallye-deutschland","status":"publish","type":"post","link":"https:\/\/www.fuldaernachrichten.de\/?p=180738","title":{"rendered":"Ott T\u00e4nak auf dem Weg zum Hattrick bei der ADAC Rallye Deutschland"},"content":{"rendered":"<p>Ott T\u00e4nak (EST) im Toyota Yaris WRC ist weiterhin das Ma\u00df aller Dinge bei der ADAC Rallye Deutschland. Auf den acht Wertungspr\u00fcfungen (WP), die am Samstag zu meistern waren, lieferte sich der Sieger von 2017 und 2018 zun\u00e4chst einen spannenden Schlagabtausch mit Thierry Neuville (BEL). Am Nachmittag sorgte ein Reifenschaden am Hyundai i20 Coupe WRC des Belgiers f\u00fcr eine Vorentscheidung zugunsten des WM-F\u00fchrenden T\u00e4nak. Vor dem Finaltag hat der 31-J\u00e4hrige einen Vorsprung von \u00fcber 30 Sekunden auf seine n\u00e4chsten Verfolger und Markenkollegen Kris Meeke (GBR) und Jari-Matti Latvala (FIN) auf den Pl\u00e4tzen zwei und drei.<!--more--><\/p>\n<p>Zum Auftakt des Tages setzte Dani Sordo (ESP) das erste Ausrufezeichen: Nach einem Getriebeschaden in der letzten Freitagspr\u00fcfung startete der Hyundai-Pilot seine Aufholjagd am Samstagsmorgen mit einer Bestzeit in der WP Freisen 1. In der anschlie\u00dfenden WP R\u00f6merstra\u00dfe 1 war T\u00e4nak nicht zu schlagen, w\u00e4hrend Neuville rund f\u00fcnf Sekunden einb\u00fc\u00dfte. Durch Bestzeiten in den beiden folgenden Pr\u00fcfungen (WP Freisen 2, WP R\u00f6merstra\u00dfe 2) machte der Belgier jedoch wieder Boden auf den Spitzenreiter gut. <\/p>\n<p>Am Nachmittag ging das Duell T\u00e4nak\/Neuville bei hei\u00dfen Sommer-Temperaturen in die n\u00e4chste Runde und begeisterte die Fan-Scharen auf dem Truppen\u00fcbungsplatz Baumholder. Im ersten Durchgang der k\u00fcrzeren WP Arena Panzerplatte unterstrich T\u00e4nak mit einer Bestzeit seinen Anspruch auf den Gesamtsieg. An der n\u00e4chsten Station, der 41,17 Kilometer langen WP Panzerplatte, folgte dann jedoch das j\u00e4he Ende des Zweikampfes: Ein Plattfu\u00df zwang den mit Zwischenbestzeit fahrenden Belgier zum Reifenwechsel und warf ihn vom zweiten auf den siebten Platz zur\u00fcck. In den beiden Abend-Durchg\u00e4ngen auf dem Truppen\u00fcbungsplatz verlegte sich T\u00e4nak auf die Verwaltung seines Vorsprungs. Die nur wenige Sekunden auseinander liegenden Verfolger Kris Meeke, Jari-Matti Latvala und S\u00e9bastien Ogier (FRA) hingegen pushten weiter hart, um gute Ausgangspositionen f\u00fcr die Vergabe der Podiumspl\u00e4tze zu erzielen. Dabei handelte sich Ogier auf der letzten WP einen Platten ein, der den Weltmeister \u00fcber 90 Sekunden kostete. <\/p>\n<p><strong>Kopeck\u00c3\u00bd \u00fcbernimmt F\u00fchrung in der WRC 2 PRO<\/strong><br \/>\nIn der WRC 2 PRO musste der f\u00fchrende Kalle Rovanper\u00e4 (FIN) am Samstag einen herben R\u00fcckschlag verkraften: Der \u00c5\u00a0koda Fabia R5 evo des WM-Spitzenreiters rutschte in der ersten Pr\u00fcfung des Tages von der Strecke, was zu einem gro\u00dfen R\u00fcckstand f\u00fchrte. Damit sieht vor dem Finaltag alles nach einem Deutschland-Sieg seines Teamkollegen Jan Kopeck\u00c3\u00bd (CZE) aus.<\/p>\n<p><strong>Deutsche Doppelf\u00fchrung in der WRC 2<\/strong><br \/>\nIm Klassement der WRC 2 brachte die Vormittagsrunde eine Wende zugunsten der beiden deutschen \u00c5\u00a0koda-Piloten Fabian Kreim und Marijan Griebel: Zu Tagesbeginn lag das Duo noch auf den Pl\u00e4tzen drei und vier, doch Probleme bei Ste\u00cc\u0081phane Lefebvre (FRA) und Nicolas Ciamin (FRA) sorgten daf\u00fcr, dass aus dem Podiumskurs eine deutsche Doppelf\u00fchrung wurde. Auf den Panzerplatten-Pr\u00fcfungen verteidigten die Teamkollegen ihre Positionen. Vor den letzten vier Wertungspr\u00fcfungen am Sonntag hat der f\u00fchrende Kreim nun 16,9 Sekunden Vorsprung auf Griebel, der wiederum 8,5 Sekunden vor seinem n\u00e4chsten Verfolger liegt.<\/p>\n","protected":false},"excerpt":{"rendered":"<div class=\"tmnf_excerpt\"><p>Ott T\u00e4nak (EST) im Toyota Yaris WRC ist weiterhin das Ma\u00df aller Dinge bei der ADAC Rallye Deutschland. Auf den acht Wertungspr\u00fcfungen (WP), die am Samstag zu meistern waren, lieferte sich der Sieger von 2017 und 2018 zun\u00e4chst einen spannenden Schlagabtausch mit Thierry Neuville (BEL). Am Nachmittag sorgte ein Reifenschaden am Hyundai i20 Coupe WRC &hellip;<\/p>\n<\/div>","protected":false},"author":1,"featured_media":180739,"comment_status":"closed","ping_status":"closed","sticky":false,"template":"","format":"standard","meta":{"footnotes":""},"categories":[1],"tags":[],"class_list":["post-180738","post","type-post","status-publish","format-standard","has-post-thumbnail","hentry","category-startseite"],"_links":{"self":[{"href":"https:\/\/www.fuldaernachrichten.de\/index.php?rest_route=\/wp\/v2\/posts\/180738","targetHints":{"allow":["GET"]}}],"collection":[{"href":"https:\/\/www.fuldaernachrichten.de\/index.php?rest_route=\/wp\/v2\/posts"}],"about":[{"href":"https:\/\/www.fuldaernachrichten.de\/index.php?rest_route=\/wp\/v2\/types\/post"}],"author":[{"embeddable":true,"href":"https:\/\/www.fuldaernachrichten.de\/index.php?rest_route=\/wp\/v2\/users\/1"}],"replies":[{"embeddable":true,"href":"https:\/\/www.fuldaernachrichten.de\/index.php?rest_route=%2Fwp%2Fv2%2Fcomments&post=180738"}],"version-history":[{"count":1,"href":"https:\/\/www.fuldaernachrichten.de\/index.php?rest_route=\/wp\/v2\/posts\/180738\/revisions"}],"predecessor-version":[{"id":180740,"href":"https:\/\/www.fuldaernachrichten.de\/index.php?rest_route=\/wp\/v2\/posts\/180738\/revisions\/180740"}],"wp:featuredmedia":[{"embeddable":true,"href":"https:\/\/www.fuldaernachrichten.de\/index.php?rest_route=\/wp\/v2\/media\/180739"}],"wp:attachment":[{"href":"https:\/\/www.fuldaernachrichten.de\/index.php?rest_route=%2Fwp%2Fv2%2Fmedia&parent=180738"}],"wp:term":[{"taxonomy":"category","embeddable":true,"href":"https:\/\/www.fuldaernachrichten.de\/index.php?rest_route=%2Fwp%2Fv2%2Fcategories&post=180738"},{"taxonomy":"post_tag","embeddable":true,"href":"https:\/\/www.fuldaernachrichten.de\/index.php?rest_route=%2Fwp%2Fv2%2Ftags&post=180738"}],"curies":[{"name":"wp","href":"https:\/\/api.w.org\/{rel}","templated":true}]}}