{"id":180715,"date":"2019-08-23T08:23:37","date_gmt":"2019-08-23T06:23:37","guid":{"rendered":"http:\/\/www.fuldaer-nachrichten.de\/?p=180715"},"modified":"2019-08-24T08:24:27","modified_gmt":"2019-08-24T06:24:27","slug":"sperrungen-aufgrund-von-veranstaltungen-auf-dem-domplatz","status":"publish","type":"post","link":"https:\/\/www.fuldaernachrichten.de\/?p=180715","title":{"rendered":"Sperrungen aufgrund von Veranstaltungen auf dem Domplatz"},"content":{"rendered":"<p>Die Sperrungen Pauluspromenade H\u00f6he Schlossgarten (Freitag, 02.08. bis einschlie\u00dflich Donnerstag, 05.09.2019) sowie Eduard-Schick-Platz und Parkplatz \u201eDomdechanei\u201c (Sonntag, 04.08. bis einschlie\u00dflich Donnerstag, 05.09.2019) bleiben bestehen. <!--more--><\/p>\n<p>Aufgrund des Konzertes des hr-Sinfonieorchesters am Samstag, 31. August 2019 und der Veranstaltung \u201eLight up the Dom\u201c am Sonntag, 1. September 2019 kommt es zudem zu folgenden verkehrlichen Einschr\u00e4nkungen rund um den Dom:<\/p>\n<p>Sperrung komplette Pauluspromenade, Johannes-Dyba-Allee und Friedrichstra\u00dfe<br \/>\nSamstag, 31.08.2019 16 Uhr \u2013 Sonntag, 01.09.2019 ca. 22:30 Uhr<\/p>\n<p>Die Einbahnstra\u00dfenregelung in der Nonnengasse wird w\u00e4hrend der Sperrung der Friedrichstra\u00dfe aufgehoben, so dass Bewohner, Lieferverkehr und Schwerbehinderte \u00fcber die Schlossstra\u00dfe kommend ein- und auch wieder ausfahren k\u00f6nnen.<\/p>\n<p>Auch in der Mittelstra\u00dfe wird die Einbahnstra\u00dfenregelung w\u00e4hrend der Sperrung aufgehoben, so dass \u00fcber die Brauhausstra\u00dfe kommend bis zum Hotel \u201ePlatzhirsch\u201c ein- und auch wieder ausgefahren werden kann.<\/p>\n<p>Die Zufahrt in die Tiefgarage \u201eStadtschloss\u201c ist an beiden Tagen \u00fcber die Rabanusstra\u00dfe und die Stra\u00dfe Heinrich-von-Bibra-Platz kommend immer m\u00f6glich.<\/p>\n<p>Fu\u00dfg\u00e4nger k\u00f6nnen den gesperrten Bereich \u00fcber den Schlossgarten umgehen. Zug\u00e4nge befinden sich neben dem Schlosstheater und neben der Winfriedschule.<\/p>\n<p>F\u00fcr die Besucher der Veranstaltungen stehen alle innerst\u00e4dtischen Parkh\u00e4user, die Parkh\u00e4user \u201eRosengarten\u201c, \u201eRichthalle\u201c und \u201eOchsenwiese\u201c, sowie die Parkpl\u00e4tze \u201eWeimarer Stra\u00dfe\u201c und \u201eOchsenwiese\u201c zur Verf\u00fcgung.<\/p>\n<p>Zus\u00e4tzlich wird tempor\u00e4r ein geb\u00fchrenfreier Gro\u00dfraum-Parkplatz mit \u00fcber 500 Stellpl\u00e4tzen in der Stra\u00dfe \u201eAn Vierzehnheiligen\u201c (ehemaliges Gel\u00e4nde der Fa. Eika) eingerichtet. Der Fu\u00dfweg zu den Veranstaltungsbereichen betr\u00e4gt ca. 7 Minuten und ist ausgeschildert. Die Zuleitung zu diesem Parkplatz mit entsprechender Zusatzbeschilderung erfolgt \u00fcber die Leipziger Stra\u00dfe.<\/p>\n<p>W\u00e4hrend der Sperrungen k\u00f6nnen die Haltestellen \u201eDom\u201c und \u201ePaulustor\u201c, \u201eAm Rosengarten\u201c, \u201eRobert-Kircher-Stra\u00dfe\u201c, \u201eWeimarer Stra\u00dfe\u201c, \u201eAm Kronhof\u201c, \u201eHinterburg\u201c und \u201eAbtstor\u201c vom \u00d6PNV nicht angefahren werden.<\/p>\n<p>Die Linien 1 (Aschenberg), 2 (Aschenberg), 2B (L\u00fcderm\u00fcnd) und 8 (Niesig) werden durch die Kurf\u00fcrstenstra\u00dfe gef\u00fchrt.<br \/>\nDie Linien 3 (Bimbach \/ Tr\u00e4tzhof \/ Maberzell), 4 (Haimbach), 5  (Sickels \/ Johannesberg \/ Harmerz) und 6 (Bronnzell) werden \u00fcber die Dalbergstra\u00dfe gef\u00fchrt.<\/p>\n<p>F\u00fcr die Haltestelle \u201eAm Rosengarten\u201c wird stadteinw\u00e4rts eine Ersatzhaltestelle in der Von-Schildeck-Stra\u00dfe, Ecke Frankfurter Stra\u00dfe gestellt. <\/p>\n<p>Die Linien 2, 2B + 8 bedienen zus\u00e4tzlich die Haltestelle \u201eWinfriedschule\u201c.<\/p>\n<p>Die Linie 591 f\u00e4hrt stadteinw\u00e4rts anstatt der Haltestelle \u201ePaulustor\u201c die Haltestelle \u201eWinfriedschule\u201c an. Daf\u00fcr entf\u00e4llt der Halt am Busbahnhof \u201eStadtschloss\u201c.<\/p>\n<p>Stadtausw\u00e4rts wird der Busbahnhof \u201eStadtschloss\u201c von der Linie 591 weiterhin bedient und auch hier wird die Haltstelle \u201eWinfriedschule\u201c anstatt der Haltestelle \u201ePaulustor\u201c angefahren.<\/p>\n","protected":false},"excerpt":{"rendered":"<div class=\"tmnf_excerpt\"><p>Die Sperrungen Pauluspromenade H\u00f6he Schlossgarten (Freitag, 02.08. bis einschlie\u00dflich Donnerstag, 05.09.2019) sowie Eduard-Schick-Platz und Parkplatz \u201eDomdechanei\u201c (Sonntag, 04.08. bis einschlie\u00dflich Donnerstag, 05.09.2019) bleiben bestehen.<\/p>\n<\/div>","protected":false},"author":1,"featured_media":0,"comment_status":"closed","ping_status":"closed","sticky":false,"template":"","format":"standard","meta":{"footnotes":""},"categories":[1],"tags":[],"class_list":["post-180715","post","type-post","status-publish","format-standard","hentry","category-startseite"],"_links":{"self":[{"href":"https:\/\/www.fuldaernachrichten.de\/index.php?rest_route=\/wp\/v2\/posts\/180715","targetHints":{"allow":["GET"]}}],"collection":[{"href":"https:\/\/www.fuldaernachrichten.de\/index.php?rest_route=\/wp\/v2\/posts"}],"about":[{"href":"https:\/\/www.fuldaernachrichten.de\/index.php?rest_route=\/wp\/v2\/types\/post"}],"author":[{"embeddable":true,"href":"https:\/\/www.fuldaernachrichten.de\/index.php?rest_route=\/wp\/v2\/users\/1"}],"replies":[{"embeddable":true,"href":"https:\/\/www.fuldaernachrichten.de\/index.php?rest_route=%2Fwp%2Fv2%2Fcomments&post=180715"}],"version-history":[{"count":1,"href":"https:\/\/www.fuldaernachrichten.de\/index.php?rest_route=\/wp\/v2\/posts\/180715\/revisions"}],"predecessor-version":[{"id":180716,"href":"https:\/\/www.fuldaernachrichten.de\/index.php?rest_route=\/wp\/v2\/posts\/180715\/revisions\/180716"}],"wp:attachment":[{"href":"https:\/\/www.fuldaernachrichten.de\/index.php?rest_route=%2Fwp%2Fv2%2Fmedia&parent=180715"}],"wp:term":[{"taxonomy":"category","embeddable":true,"href":"https:\/\/www.fuldaernachrichten.de\/index.php?rest_route=%2Fwp%2Fv2%2Fcategories&post=180715"},{"taxonomy":"post_tag","embeddable":true,"href":"https:\/\/www.fuldaernachrichten.de\/index.php?rest_route=%2Fwp%2Fv2%2Ftags&post=180715"}],"curies":[{"name":"wp","href":"https:\/\/api.w.org\/{rel}","templated":true}]}}