{"id":180710,"date":"2019-08-24T08:21:37","date_gmt":"2019-08-24T06:21:37","guid":{"rendered":"http:\/\/www.fuldaer-nachrichten.de\/?p=180710"},"modified":"2019-08-24T08:21:37","modified_gmt":"2019-08-24T06:21:37","slug":"packende-duelle-an-der-mosel-und-im-saarland-taenak-und-neuville-kaempfen-um-die-fuehrung-bei-der-adac-rallye-deutschland","status":"publish","type":"post","link":"https:\/\/www.fuldaernachrichten.de\/?p=180710","title":{"rendered":"Packende Duelle an der Mosel und im Saarland: T\u00e4nak und Neuville k\u00e4mpfen um die F\u00fchrung bei der ADAC Rallye Deutschland"},"content":{"rendered":"<p>Der zweite Tag der ADAC Rallye Deutschland war gepr\u00e4gt von einem spannenden Zweikampf: Ott T\u00e4nak (EST) im Toyota Yaris WRC gegen Thierry Neuville (BEL) im Hyundai i20 Coupe WRC. Die beiden Titelanw\u00e4rter der FIA Rallye-Weltmeisterschaft lieferten sich auf den sechs Wertungspr\u00fcfungen (WP) an der Mosel und im Saarland einen hochkar\u00e4tigen Schlagabtausch. Das Duo baute dabei kontinuierlich seinen Vorsprung auf die Verfolger aus. Am Ende des Rallye-Tages liegt Vorjahressieger T\u00e4nak 2,8 Sekunden vor Neuville. S\u00e9bastien Ogier (FRA) im Citro\u00c3\u00abn C3 WRC verlor hingegen an Boden. Der sechsfache Weltmeister rangiert mit 22,1 Sekunden R\u00fcckstand auf dem dritten Platz &#8211; dicht gefolgt von den Toyota-Piloten Kris Meeke (GBR) und Jari-Matti Latvala (FIN).<!--more--><\/p>\n<p>Den besten Start in den Tag erwischte Neuville: Mit einer tadellosen Vorstellung auf der WP Stein und Wein setzte der Belgier nicht nur die Pr\u00fcfungsbestzeit, sondern \u00fcbernahm zwischenzeitlich auch die Gesamtf\u00fchrung der ADAC Rallye Deutschland. Der Konter von T\u00e4nak folgte umgehend: Auf der zweiten Weinberg-Pr\u00fcfung (Mittelmosel 1) lie\u00df der Toyota-Pilot alle Konkurrenten hinter sich und setzte sich wieder an die Spitze des Tableaus. Bei der letzten Pr\u00fcfung des Vormittags, dem Rundkurs Wadern-Weiskirchen, kontrollierte T\u00e4nak das Geschehen mit einer weiteren Bestzeit. <\/p>\n<p>Auf der Nachmittagsrunde war es erneut Neuville, der mit einer Bestzeit (WP Stein und Wein 2) er\u00f6ffnete. Doch wie zuvor sicherte sich T\u00e4nak anschlie\u00dfend den Sieg auf den engen Winzerg\u00e4sschen der WP Mittelmosel 2. In der abschlie\u00dfenden WP Wadern-Weiskirchen konnte T\u00e4nak &#8211; wieder hauchd\u00fcnn vor Neuville &#8211; dann auch noch die letzte Bestmarke f\u00fcr sich verbuchen. Schwierig gestaltete sich unterdessen der Rallye-Tag f\u00fcr Ogier: Bereits in der zweiten Pr\u00fcfung des Tages unterlief dem Franzosen ein Fahrfehler an einer Abzweigung, der ihn um mehrere Sekunden zur\u00fcckwarf. Auch am Nachmittag k\u00e4mpfte der Weltmeister mit einem untersteuernden Citro\u00c3\u00abn C3 WRC und hatte M\u00fche, den R\u00fcckstand auf T\u00e4nak und Neuville in Grenzen zu halten. <\/p>\n<p>Pech hatte der auf dem vierten Rang liegende Dani Sordo (ESP): Nach einer starken Vorstellung w\u00e4hrend des gesamten Tages handelte sich der Hyundai-Pilot in der letzten Pr\u00fcfung einen Getriebeschaden ein und m\u00fchte sich mit dem ersten Gang ins WP-Ziel. Bereits in der zweiten Tagespr\u00fcfung musste Teemu Suninen (FIN) seinen Ford Fiesta WRC mit einem technischen Problem abstellen. <\/p>\n<p>Als bester Deutscher beendete Fabian Kreim den zweiten Rallye-Tag. Schon in der Auftaktpr\u00fcfung am Donnerstagabend konnte der 26-j\u00e4hrige Odenw\u00e4lder gl\u00e4nzen und die Bestzeit der WRC 2 erzielen. In den Pr\u00fcfungen am Freitag zeigte Kreim mit dem brandneuen Skoda Fabia R5 evo ebenfalls eine fehlerfreie Leistung und liegt aktuell auf dem dritten Rang in der stark besetzten WRC 2-Kategorie. Ebenfalls in Reichweite der Podiumspl\u00e4tze befindet sich Kreims Markenkollege Marijan Griebel: Der 30-j\u00e4hrige Lokalmatador rangiert auf dem vierten Platz der WRC 2. <\/p>\n","protected":false},"excerpt":{"rendered":"<div class=\"tmnf_excerpt\"><p>Der zweite Tag der ADAC Rallye Deutschland war gepr\u00e4gt von einem spannenden Zweikampf: Ott T\u00e4nak (EST) im Toyota Yaris WRC gegen Thierry Neuville (BEL) im Hyundai i20 Coupe WRC. Die beiden Titelanw\u00e4rter der FIA Rallye-Weltmeisterschaft lieferten sich auf den sechs Wertungspr\u00fcfungen (WP) an der Mosel und im Saarland einen hochkar\u00e4tigen Schlagabtausch. Das Duo baute dabei &hellip;<\/p>\n<\/div>","protected":false},"author":1,"featured_media":180711,"comment_status":"closed","ping_status":"closed","sticky":false,"template":"","format":"standard","meta":{"footnotes":""},"categories":[1],"tags":[],"class_list":["post-180710","post","type-post","status-publish","format-standard","has-post-thumbnail","hentry","category-startseite"],"_links":{"self":[{"href":"https:\/\/www.fuldaernachrichten.de\/index.php?rest_route=\/wp\/v2\/posts\/180710","targetHints":{"allow":["GET"]}}],"collection":[{"href":"https:\/\/www.fuldaernachrichten.de\/index.php?rest_route=\/wp\/v2\/posts"}],"about":[{"href":"https:\/\/www.fuldaernachrichten.de\/index.php?rest_route=\/wp\/v2\/types\/post"}],"author":[{"embeddable":true,"href":"https:\/\/www.fuldaernachrichten.de\/index.php?rest_route=\/wp\/v2\/users\/1"}],"replies":[{"embeddable":true,"href":"https:\/\/www.fuldaernachrichten.de\/index.php?rest_route=%2Fwp%2Fv2%2Fcomments&post=180710"}],"version-history":[{"count":1,"href":"https:\/\/www.fuldaernachrichten.de\/index.php?rest_route=\/wp\/v2\/posts\/180710\/revisions"}],"predecessor-version":[{"id":180712,"href":"https:\/\/www.fuldaernachrichten.de\/index.php?rest_route=\/wp\/v2\/posts\/180710\/revisions\/180712"}],"wp:featuredmedia":[{"embeddable":true,"href":"https:\/\/www.fuldaernachrichten.de\/index.php?rest_route=\/wp\/v2\/media\/180711"}],"wp:attachment":[{"href":"https:\/\/www.fuldaernachrichten.de\/index.php?rest_route=%2Fwp%2Fv2%2Fmedia&parent=180710"}],"wp:term":[{"taxonomy":"category","embeddable":true,"href":"https:\/\/www.fuldaernachrichten.de\/index.php?rest_route=%2Fwp%2Fv2%2Fcategories&post=180710"},{"taxonomy":"post_tag","embeddable":true,"href":"https:\/\/www.fuldaernachrichten.de\/index.php?rest_route=%2Fwp%2Fv2%2Ftags&post=180710"}],"curies":[{"name":"wp","href":"https:\/\/api.w.org\/{rel}","templated":true}]}}