{"id":180704,"date":"2019-08-23T08:23:12","date_gmt":"2019-08-23T06:23:12","guid":{"rendered":"http:\/\/www.fuldaer-nachrichten.de\/?p=180704"},"modified":"2019-08-23T08:25:38","modified_gmt":"2019-08-23T06:25:38","slug":"ott-taenak-legt-vor-bei-der-adac-rallye-deutschland-2019","status":"publish","type":"post","link":"https:\/\/www.fuldaernachrichten.de\/?p=180704","title":{"rendered":"Ott T\u00e4nak legt vor bei der ADAC Rallye Deutschland 2019"},"content":{"rendered":"<p>Die ADAC Rallye Deutschland hat begonnen. Bei idealen Wetter- und Streckenbedingungen erlebten die Fans im Saarland einen ebenso stimmungsvollen wie packenden Auftakt des deutschen Laufs zur FIA Rallye-Weltmeisterschaft. Den sportlichen H\u00f6hepunkt bot dabei am Abend die erste Wertungspr\u00fcfung St. Wendeler Land. Auf dem 5,20 Kilometer langen Sprintkurs lieferten sich die WRC-Stars eine packende Zeitenjagd.<!--more--><\/p>\n<p>Mit 2:39,4 Minuten markierte Ott T\u00e4nak (EST) im Toyota Yaris WRC die Bestzeit aller Starter \u2013 eine Kampfansage des WM-F\u00fchrenden, der die Konkurrenz auf der kurzen Strecke um relativ deutliche 0,8 Sekunden distanzierte. Dass der Deutschland-Sieger von 2017 und 2018 dabei durchaus bis ans Limit ging, zeigte die Tatsache, dass er bei seiner Fahrt beide Au\u00dfenspiegel einb\u00fc\u00dfte. Hinter reihten sich drei weitere Deutschland-Sieger ein: Dani Sordo (ESP) im Hyundai i20 Coupe WRC, Weltmeister S\u00e9bastien Ogier (FRA) im Citro\u00c3\u00abn C3 WRC und Sordos Markenkollege Thierry Neuville (BEL). T\u00e4naks Verfolger-Trio war im Ziel nur durch 0,2 Sekunden getrennt.<\/p>\n<p>Vor der Wertungspr\u00fcfung stand der Servicepark am Bostalsee im Mittelpunkt des Geschehens, wo erstmals die offizielle Er\u00f6ffnungsfeier der ADAC Rallye Deutschland stattfand. Eine spektakul\u00e4re Red Bull Trial-Show und eine Autogrammstunde der WRC-Stars sorgten f\u00fcr beste Stimmung unter den zahlreichen Besuchern, Crew-Mitgliedern und ehrenamtlichen Helfern, die von Klaus Bouillon (Saarl\u00e4ndischer Minister f\u00fcr Inneres, Bauen und Sport) und Hermann Tomczyk (ADAC Sportpr\u00e4sident) begr\u00fc\u00dft wurden. <\/p>\n<p>Nach der Vorstellung der Teilnehmer brachen diese direkt zum Start der WP St. Wendeler Land auf, die bereits am Vormittag als Strecke f\u00fcr den Shakedown gedient hatte. Bei dem vorgeschriebenen \u201eAufw\u00e4rmprogramm\u201c konnte S\u00e9bastien Ogier die Bestzeit (2:39,7 Minuten) f\u00fcr sich verbuchen, dicht gefolgt von Ott T\u00e4nak (2:39,8 Minuten). Esapekka Lappi und Thierry Neuville landeten zeitgleich (02:40,0 Minuten) auf dem dritten Rang.<\/p>\n<p><strong>Tickets noch vor Ort<\/strong><br \/>\nWer den Vorverkauf verpasst hat, muss sich die ADAC Rallye Deutschland nicht entgehen lassen. Kurzentschlossene Rallye-Fans k\u00f6nnen auch noch Tickets in den ADAC Gesch\u00e4ftsstellen von St. Wendel, Saarbr\u00fccken, Neunkirchen und Saarlouis sowie im Servicepark am Bostalsee erwerben. Vor Ort und bei den einzelnen Wertungspr\u00fcfungen (WP) gibt es zudem noch Wertungspr\u00fcfungstickets zum Preis von 20 Euro \u2013 mit Ausnahme der Arena Panzerplatte auf dem Truppen\u00fcbungsplatz Baumholder, wo ein besonders umfangreiches Rallye-Programm geboten wird und das WP-Ticket daher 25 Euro kostet. Der Zutritt zum Servicepark am Bostalsee ist an allen Rallye-Tagen kostenfrei. Die Verkaufsstellen bzw. Ticket-Umtausch-Punkte sind unter www.adac.de\/rallye-deutschland (Rubrik: Tickets vor Ort bzw. Ticket-Umtausch-Punkte) zusammengefasst.<\/p>\n","protected":false},"excerpt":{"rendered":"<div class=\"tmnf_excerpt\"><p>Die ADAC Rallye Deutschland hat begonnen. Bei idealen Wetter- und Streckenbedingungen erlebten die Fans im Saarland einen ebenso stimmungsvollen wie packenden Auftakt des deutschen Laufs zur FIA Rallye-Weltmeisterschaft. Den sportlichen H\u00f6hepunkt bot dabei am Abend die erste Wertungspr\u00fcfung St. Wendeler Land. Auf dem 5,20 Kilometer langen Sprintkurs lieferten sich die WRC-Stars eine packende Zeitenjagd.<\/p>\n<\/div>","protected":false},"author":1,"featured_media":180705,"comment_status":"closed","ping_status":"closed","sticky":false,"template":"","format":"standard","meta":{"footnotes":""},"categories":[1],"tags":[],"class_list":["post-180704","post","type-post","status-publish","format-standard","has-post-thumbnail","hentry","category-startseite"],"_links":{"self":[{"href":"https:\/\/www.fuldaernachrichten.de\/index.php?rest_route=\/wp\/v2\/posts\/180704","targetHints":{"allow":["GET"]}}],"collection":[{"href":"https:\/\/www.fuldaernachrichten.de\/index.php?rest_route=\/wp\/v2\/posts"}],"about":[{"href":"https:\/\/www.fuldaernachrichten.de\/index.php?rest_route=\/wp\/v2\/types\/post"}],"author":[{"embeddable":true,"href":"https:\/\/www.fuldaernachrichten.de\/index.php?rest_route=\/wp\/v2\/users\/1"}],"replies":[{"embeddable":true,"href":"https:\/\/www.fuldaernachrichten.de\/index.php?rest_route=%2Fwp%2Fv2%2Fcomments&post=180704"}],"version-history":[{"count":3,"href":"https:\/\/www.fuldaernachrichten.de\/index.php?rest_route=\/wp\/v2\/posts\/180704\/revisions"}],"predecessor-version":[{"id":180708,"href":"https:\/\/www.fuldaernachrichten.de\/index.php?rest_route=\/wp\/v2\/posts\/180704\/revisions\/180708"}],"wp:featuredmedia":[{"embeddable":true,"href":"https:\/\/www.fuldaernachrichten.de\/index.php?rest_route=\/wp\/v2\/media\/180705"}],"wp:attachment":[{"href":"https:\/\/www.fuldaernachrichten.de\/index.php?rest_route=%2Fwp%2Fv2%2Fmedia&parent=180704"}],"wp:term":[{"taxonomy":"category","embeddable":true,"href":"https:\/\/www.fuldaernachrichten.de\/index.php?rest_route=%2Fwp%2Fv2%2Fcategories&post=180704"},{"taxonomy":"post_tag","embeddable":true,"href":"https:\/\/www.fuldaernachrichten.de\/index.php?rest_route=%2Fwp%2Fv2%2Ftags&post=180704"}],"curies":[{"name":"wp","href":"https:\/\/api.w.org\/{rel}","templated":true}]}}