{"id":180701,"date":"2019-08-23T08:19:25","date_gmt":"2019-08-23T06:19:25","guid":{"rendered":"http:\/\/www.fuldaer-nachrichten.de\/?p=180701"},"modified":"2019-08-23T08:19:25","modified_gmt":"2019-08-23T06:19:25","slug":"kelten-in-osthessen","status":"publish","type":"post","link":"https:\/\/www.fuldaernachrichten.de\/?p=180701","title":{"rendered":"Kelten in Osthessen"},"content":{"rendered":"<p>In der neuen Veranstaltungsreihe \u201eMuseumUnterwegs\u201c des Vonderau Museums Fulda werden jeweils zwei Formate miteinander kombiniert. Dabei wird ein ausgew\u00e4hltes Thema im Museum vorgestellt und durch eine Exkursion ins Umland umfassend beleuchtet. Am Dienstag, 27. August 2019, um 17.00 Uhr, wird Stadt- und Kreisarch\u00e4ologe Dr. Frank Verse die Kelten vorstellen, die auch in Osthessen ihre Spuren hinterlassen haben. Die Gr\u00e4ber, Siedlungen und Befestigungsanlagen der Kelten sind oftmals noch immer im Gel\u00e4nde erkennbar. In der arch\u00e4ologischen Abteilung des Museums wird er die Fundst\u00fccke der damaligen Zeit zeigen und erl\u00e4utern.<!--more--><\/p>\n<p>Am Freitag, 30. August 2019, erfolgt dann die Exkursion zur Milseburg, auf der die gr\u00f6\u00dfte Befestigungsanlage der keltischen Zeit stand. Bei der F\u00fchrung \u00fcber die Anlage wird Dr. Frank Verse auch die Ergebnisse der arch\u00e4ologischen Un-tersuchungen der vergangenen Jahre erl\u00e4utern. Treffpunkt: Parkplatz Milseburg um 15.00 Uhr.<\/p>\n","protected":false},"excerpt":{"rendered":"<div class=\"tmnf_excerpt\"><p>In der neuen Veranstaltungsreihe \u201eMuseumUnterwegs\u201c des Vonderau Museums Fulda werden jeweils zwei Formate miteinander kombiniert. Dabei wird ein ausgew\u00e4hltes Thema im Museum vorgestellt und durch eine Exkursion ins Umland umfassend beleuchtet. Am Dienstag, 27. August 2019, um 17.00 Uhr, wird Stadt- und Kreisarch\u00e4ologe Dr. Frank Verse die Kelten vorstellen, die auch in Osthessen ihre Spuren &hellip;<\/p>\n<\/div>","protected":false},"author":1,"featured_media":180702,"comment_status":"closed","ping_status":"closed","sticky":false,"template":"","format":"standard","meta":{"footnotes":""},"categories":[1],"tags":[],"class_list":["post-180701","post","type-post","status-publish","format-standard","has-post-thumbnail","hentry","category-startseite"],"_links":{"self":[{"href":"https:\/\/www.fuldaernachrichten.de\/index.php?rest_route=\/wp\/v2\/posts\/180701","targetHints":{"allow":["GET"]}}],"collection":[{"href":"https:\/\/www.fuldaernachrichten.de\/index.php?rest_route=\/wp\/v2\/posts"}],"about":[{"href":"https:\/\/www.fuldaernachrichten.de\/index.php?rest_route=\/wp\/v2\/types\/post"}],"author":[{"embeddable":true,"href":"https:\/\/www.fuldaernachrichten.de\/index.php?rest_route=\/wp\/v2\/users\/1"}],"replies":[{"embeddable":true,"href":"https:\/\/www.fuldaernachrichten.de\/index.php?rest_route=%2Fwp%2Fv2%2Fcomments&post=180701"}],"version-history":[{"count":1,"href":"https:\/\/www.fuldaernachrichten.de\/index.php?rest_route=\/wp\/v2\/posts\/180701\/revisions"}],"predecessor-version":[{"id":180703,"href":"https:\/\/www.fuldaernachrichten.de\/index.php?rest_route=\/wp\/v2\/posts\/180701\/revisions\/180703"}],"wp:featuredmedia":[{"embeddable":true,"href":"https:\/\/www.fuldaernachrichten.de\/index.php?rest_route=\/wp\/v2\/media\/180702"}],"wp:attachment":[{"href":"https:\/\/www.fuldaernachrichten.de\/index.php?rest_route=%2Fwp%2Fv2%2Fmedia&parent=180701"}],"wp:term":[{"taxonomy":"category","embeddable":true,"href":"https:\/\/www.fuldaernachrichten.de\/index.php?rest_route=%2Fwp%2Fv2%2Fcategories&post=180701"},{"taxonomy":"post_tag","embeddable":true,"href":"https:\/\/www.fuldaernachrichten.de\/index.php?rest_route=%2Fwp%2Fv2%2Ftags&post=180701"}],"curies":[{"name":"wp","href":"https:\/\/api.w.org\/{rel}","templated":true}]}}