{"id":180697,"date":"2019-08-23T08:17:02","date_gmt":"2019-08-23T06:17:02","guid":{"rendered":"http:\/\/www.fuldaer-nachrichten.de\/?p=180697"},"modified":"2019-08-23T08:17:02","modified_gmt":"2019-08-23T06:17:02","slug":"ihk-informiert-existenzgruender-42","status":"publish","type":"post","link":"https:\/\/www.fuldaernachrichten.de\/?p=180697","title":{"rendered":"IHK informiert Existenzgr\u00fcnder"},"content":{"rendered":"<p>In einer kostenfreien Informationsveranstaltung informiert die Industrie- und Handelskammer (IHK) am 3. September 2019 von 13.30 bis 17.00 Uhr in der Heinrichstra\u00dfe 8 rund um die Existenzgr\u00fcndung. Der Schritt in die Selbstst\u00e4ndigkeit ist mit Risiken verbunden, die durch eine gezielte Planung und Vorbereitung deutlich reduziert werden k\u00f6nnen. Je mehr Informationen Gr\u00fcndungswillige sammeln, desto einfacher und sicherer ist der Markteinstieg. Sind alle grundlegenden Fragen gekl\u00e4rt, ist es m\u00f6glich, den Markt realistisch einzusch\u00e4tzen und richtige Entscheidungen zu treffen. <\/p>\n<p>Anmeldung: Sabrina K\u00fcmmel-Naderer, Telefon 0661 284-15, E-Mail: kuemmel-naderer@fulda.ihk.de<\/p>\n","protected":false},"excerpt":{"rendered":"<div class=\"tmnf_excerpt\"><p>In einer kostenfreien Informationsveranstaltung informiert die Industrie- und Handelskammer (IHK) am 3. September 2019 von 13.30 bis 17.00 Uhr in der Heinrichstra\u00dfe 8 rund um die Existenzgr\u00fcndung. Der Schritt in die Selbstst\u00e4ndigkeit ist mit Risiken verbunden, die durch eine gezielte Planung und Vorbereitung deutlich reduziert werden k\u00f6nnen. Je mehr Informationen Gr\u00fcndungswillige sammeln, desto einfacher und &hellip;<\/p>\n<\/div>","protected":false},"author":1,"featured_media":0,"comment_status":"closed","ping_status":"closed","sticky":false,"template":"","format":"standard","meta":{"footnotes":""},"categories":[1],"tags":[],"class_list":["post-180697","post","type-post","status-publish","format-standard","hentry","category-startseite"],"_links":{"self":[{"href":"https:\/\/www.fuldaernachrichten.de\/index.php?rest_route=\/wp\/v2\/posts\/180697","targetHints":{"allow":["GET"]}}],"collection":[{"href":"https:\/\/www.fuldaernachrichten.de\/index.php?rest_route=\/wp\/v2\/posts"}],"about":[{"href":"https:\/\/www.fuldaernachrichten.de\/index.php?rest_route=\/wp\/v2\/types\/post"}],"author":[{"embeddable":true,"href":"https:\/\/www.fuldaernachrichten.de\/index.php?rest_route=\/wp\/v2\/users\/1"}],"replies":[{"embeddable":true,"href":"https:\/\/www.fuldaernachrichten.de\/index.php?rest_route=%2Fwp%2Fv2%2Fcomments&post=180697"}],"version-history":[{"count":1,"href":"https:\/\/www.fuldaernachrichten.de\/index.php?rest_route=\/wp\/v2\/posts\/180697\/revisions"}],"predecessor-version":[{"id":180698,"href":"https:\/\/www.fuldaernachrichten.de\/index.php?rest_route=\/wp\/v2\/posts\/180697\/revisions\/180698"}],"wp:attachment":[{"href":"https:\/\/www.fuldaernachrichten.de\/index.php?rest_route=%2Fwp%2Fv2%2Fmedia&parent=180697"}],"wp:term":[{"taxonomy":"category","embeddable":true,"href":"https:\/\/www.fuldaernachrichten.de\/index.php?rest_route=%2Fwp%2Fv2%2Fcategories&post=180697"},{"taxonomy":"post_tag","embeddable":true,"href":"https:\/\/www.fuldaernachrichten.de\/index.php?rest_route=%2Fwp%2Fv2%2Ftags&post=180697"}],"curies":[{"name":"wp","href":"https:\/\/api.w.org\/{rel}","templated":true}]}}