{"id":180687,"date":"2019-08-22T12:34:16","date_gmt":"2019-08-22T10:34:16","guid":{"rendered":"http:\/\/www.fuldaer-nachrichten.de\/?p=180687"},"modified":"2019-08-22T12:34:16","modified_gmt":"2019-08-22T10:34:16","slug":"europa-erleben-deutsch-tschechische-programmwoche-der-djo-hessen-fuer-hessische-schulen","status":"publish","type":"post","link":"https:\/\/www.fuldaernachrichten.de\/?p=180687","title":{"rendered":"Europa erleben: Deutsch-tschechische Programmwoche der djo-Hessen f\u00fcr hessische Schulen"},"content":{"rendered":"<p>Unsere Ur \u2013und Gro\u00dfv\u00e4ter zogen 1914 und 1939 noch in einen Krieg mit jeweils verheerenden Folgen. Ein Krieg in Europa ist heute unvorstellbar \u2013 insbesondere nach 1989. Das \u201eGemeinsame Haus Europa\u201c sichert den Frieden. Die europ\u00e4ische Einigung ist das erfolgreichste Friedensprojekt der neueren Geschichte. Passend dazu hat die djo-Deutsche Jugend in Europa, Landesverband Hessen eine Programmwoche unter dem Motto \u201eEuropa erleben!\u201c  f\u00fcr Schulklassen und Jugendgruppen ab der 8. Jahrgangsstufe ins Leben gerufen. <!--more--><\/p>\n<p>Highlight des Programmes ist ein zweit\u00e4giger Aufenthalt in Eger (Tschechien) inklusive Jugendbegegnung und zahlreichen weiteren Programmpunkten. Einen vertieften Einblick in die europ\u00e4ische Realit\u00e4t bis zum Jahr 1989 bekommen die Teilnehmer beim Besuch des Grenzmuseums Point Alpha, bei dem unter anderem Zeitzeugen  ihre Schicksale schildern. Teil zwei der Programmwoche besteht aus einer zweit\u00e4gigen Exkursion nach Eger (Tschechien). Dort erleben die Jugendlichen Europa hautnah. <\/p>\n<p>Interessierte Schulen k\u00f6nnen sich per Mail an die djo-Gesch\u00e4ftsstelle unter geschaeftsstelle@djohessen.de wenden. Ansprechpartner f\u00fcr R\u00fcckfragen sind die Jugendbildungsreferenten Sebastian Sauer und Harald Sch\u00e4fer , die unter 06658 \/ 919001 erreichbar sind  und die auf Anfrage gerne auch einen Flyer und weitere Informationen zukommen lassen. Die Ausschreibung kann unter www.djohessen.de. Heruntergeladen werden.<\/p>\n","protected":false},"excerpt":{"rendered":"<div class=\"tmnf_excerpt\"><p>Unsere Ur \u2013und Gro\u00dfv\u00e4ter zogen 1914 und 1939 noch in einen Krieg mit jeweils verheerenden Folgen. Ein Krieg in Europa ist heute unvorstellbar \u2013 insbesondere nach 1989. Das \u201eGemeinsame Haus Europa\u201c sichert den Frieden. Die europ\u00e4ische Einigung ist das erfolgreichste Friedensprojekt der neueren Geschichte. Passend dazu hat die djo-Deutsche Jugend in Europa, Landesverband Hessen eine &hellip;<\/p>\n<\/div>","protected":false},"author":1,"featured_media":0,"comment_status":"closed","ping_status":"closed","sticky":false,"template":"","format":"standard","meta":{"footnotes":""},"categories":[1],"tags":[],"class_list":["post-180687","post","type-post","status-publish","format-standard","hentry","category-startseite"],"_links":{"self":[{"href":"https:\/\/www.fuldaernachrichten.de\/index.php?rest_route=\/wp\/v2\/posts\/180687","targetHints":{"allow":["GET"]}}],"collection":[{"href":"https:\/\/www.fuldaernachrichten.de\/index.php?rest_route=\/wp\/v2\/posts"}],"about":[{"href":"https:\/\/www.fuldaernachrichten.de\/index.php?rest_route=\/wp\/v2\/types\/post"}],"author":[{"embeddable":true,"href":"https:\/\/www.fuldaernachrichten.de\/index.php?rest_route=\/wp\/v2\/users\/1"}],"replies":[{"embeddable":true,"href":"https:\/\/www.fuldaernachrichten.de\/index.php?rest_route=%2Fwp%2Fv2%2Fcomments&post=180687"}],"version-history":[{"count":1,"href":"https:\/\/www.fuldaernachrichten.de\/index.php?rest_route=\/wp\/v2\/posts\/180687\/revisions"}],"predecessor-version":[{"id":180688,"href":"https:\/\/www.fuldaernachrichten.de\/index.php?rest_route=\/wp\/v2\/posts\/180687\/revisions\/180688"}],"wp:attachment":[{"href":"https:\/\/www.fuldaernachrichten.de\/index.php?rest_route=%2Fwp%2Fv2%2Fmedia&parent=180687"}],"wp:term":[{"taxonomy":"category","embeddable":true,"href":"https:\/\/www.fuldaernachrichten.de\/index.php?rest_route=%2Fwp%2Fv2%2Fcategories&post=180687"},{"taxonomy":"post_tag","embeddable":true,"href":"https:\/\/www.fuldaernachrichten.de\/index.php?rest_route=%2Fwp%2Fv2%2Ftags&post=180687"}],"curies":[{"name":"wp","href":"https:\/\/api.w.org\/{rel}","templated":true}]}}