{"id":18065,"date":"2008-12-20T09:00:34","date_gmt":"2008-12-20T08:00:34","guid":{"rendered":"http:\/\/www.schoene-nachrichten.de\/?p=18065"},"modified":"2008-12-20T10:22:10","modified_gmt":"2008-12-20T09:22:10","slug":"muetterzentrum-ehrt-jubilare","status":"publish","type":"post","link":"https:\/\/www.fuldaernachrichten.de\/?p=18065","title":{"rendered":"M\u00fctterzentrum ehrt Jubilare"},"content":{"rendered":"<p><a href=\"http:\/\/www.schoene-nachrichten.de\/wp-content\/uploads\/2008\/12\/081219-muetter.jpg\"><img fetchpriority=\"high\" decoding=\"async\" class=\"alignnone size-thumbnail wp-image-18066\" title=\"Die M\u00dcTZE \" src=\"http:\/\/www.schoene-nachrichten.de\/wp-content\/uploads\/2008\/12\/081219-muetter-265x189.jpg\" alt=\"Die M\u00dcTZE \" hspace=\"5\" width=\"265\" height=\"189\" align=\"left\" srcset=\"https:\/\/www.fuldaernachrichten.de\/wp-content\/uploads\/2008\/12\/081219-muetter-265x189.jpg 265w, https:\/\/www.fuldaernachrichten.de\/wp-content\/uploads\/2008\/12\/081219-muetter.jpg 600w\" sizes=\"(max-width: 265px) 100vw, 265px\" \/><\/a><strong>Fulda. <\/strong>Das M\u00fctterzentrum Fulda konnte 2008 bereits sein 20-j\u00e4hriges Bestehen feiern. Seit seiner Gr\u00fcndung stehen nicht nur M\u00fctter, sondern die ganze Familie im Mittelpunkt der ehrenamtlichen Arbeit des Vereins. Dass das M\u00fctterzentrum nun schon in sein 21. Jahr geht, verdankt es vor allem dem Engagement der aktiven Frauen und Mitglieder. Ihre Mithilfe und Unterst\u00fctzung macht es erst m\u00f6glich, ein so reichhaltiges Angebot machen zu k\u00f6nnen. Durch ihre Arbeit ist der Verein das geworden, was er heute ist.<!--more--><\/p>\n<p><strong>Dankbar f\u00fcr gro\u00dfes Engagement<\/strong><\/p>\n<p>Einige Frauen halten nun schon 10 Jahre dem M\u00fctterzentrum die Treue. Und so nahm der Vorstand die Vereins-Weihnachtsfeier am Donnerstag zum Anlass, um drei Jubilarinnen zu ehren. Ulrike Zeige und Brigitte Rader engagieren sich im Mini-Kindergarten, einer Betreuungsgruppe f\u00fcr Kinder unter drei Jahren. Anette Witzel ist im B\u00fcro besch\u00e4ftigt und lenkt zusammen mit dem Vorstand die allt\u00e4glichen Gesch\u00e4fte des M\u00fctterzentrums. Der Vorstand dankte den drei Frauen f\u00fcr ihr jahrelanges Engagement und w\u00fcnschte allen Vereinsmitgliedern ein frohes Weihnachtsfest und ein erfolgreiches M\u00dcTZE-Jahr 2009.<\/p>\n<p>Im neuen Programm, mit dem der Verein ins n\u00e4chste Jahr startet, verstecken sich wieder viele tolle Angebote f\u00fcr die ganze Familie, zum Beispiel ein Tanzkurs f\u00fcr M\u00e4dchen ab 4 oder eine Gespr\u00e4chsrunde f\u00fcr Eltern, bei der in lockerer Runde die Probleme des Alltags ausgetauscht werden k\u00f6nnen.<\/p>\n<p>Das Jahr 2009 h\u00e4lt aber nicht nur <strong>Neues bereit:<\/strong> das Grundangebot der M\u00dcTZE, die offenen Treffs, werden in gewohnter Weise weitergef\u00fchrt. Das gilt ebenso f\u00fcr die Spendenaktion, bei der sich die F\u00f6rderer kleine und gro\u00dfe Puzzleteile einer riesigen &#8220;Spendenm\u00fctze&#8221; sichern k\u00f6nnen, die in den R\u00e4umen des Vereins langsam Gestalt annimmt.<\/p>\n<p>Wer n\u00e4here Informationen zum Angebot und zur Spendenaktion w\u00fcnscht, schaut ins Internet unter <a href=\"http:\/\/www.muetze-fulda.de\" target=\"_blank\">www.muetze-fulda.de<\/a>.<\/p>\n","protected":false},"excerpt":{"rendered":"<div class=\"tmnf_excerpt\"><p>Fulda. Das M\u00fctterzentrum Fulda konnte 2008 bereits sein 20-j\u00e4hriges Bestehen feiern. Seit seiner Gr\u00fcndung stehen nicht nur M\u00fctter, sondern die ganze Familie im Mittelpunkt der ehrenamtlichen Arbeit des Vereins. Dass das M\u00fctterzentrum nun schon in sein 21. Jahr geht, verdankt es vor allem dem Engagement der aktiven Frauen und Mitglieder. Ihre Mithilfe und Unterst\u00fctzung macht &hellip;<\/p>\n<\/div>","protected":false},"author":1,"featured_media":0,"comment_status":"closed","ping_status":"closed","sticky":false,"template":"","format":"standard","meta":{"footnotes":""},"categories":[1,72],"tags":[],"class_list":["post-18065","post","type-post","status-publish","format-standard","hentry","category-startseite","category-jugend"],"_links":{"self":[{"href":"https:\/\/www.fuldaernachrichten.de\/index.php?rest_route=\/wp\/v2\/posts\/18065","targetHints":{"allow":["GET"]}}],"collection":[{"href":"https:\/\/www.fuldaernachrichten.de\/index.php?rest_route=\/wp\/v2\/posts"}],"about":[{"href":"https:\/\/www.fuldaernachrichten.de\/index.php?rest_route=\/wp\/v2\/types\/post"}],"author":[{"embeddable":true,"href":"https:\/\/www.fuldaernachrichten.de\/index.php?rest_route=\/wp\/v2\/users\/1"}],"replies":[{"embeddable":true,"href":"https:\/\/www.fuldaernachrichten.de\/index.php?rest_route=%2Fwp%2Fv2%2Fcomments&post=18065"}],"version-history":[{"count":5,"href":"https:\/\/www.fuldaernachrichten.de\/index.php?rest_route=\/wp\/v2\/posts\/18065\/revisions"}],"predecessor-version":[{"id":18070,"href":"https:\/\/www.fuldaernachrichten.de\/index.php?rest_route=\/wp\/v2\/posts\/18065\/revisions\/18070"}],"wp:attachment":[{"href":"https:\/\/www.fuldaernachrichten.de\/index.php?rest_route=%2Fwp%2Fv2%2Fmedia&parent=18065"}],"wp:term":[{"taxonomy":"category","embeddable":true,"href":"https:\/\/www.fuldaernachrichten.de\/index.php?rest_route=%2Fwp%2Fv2%2Fcategories&post=18065"},{"taxonomy":"post_tag","embeddable":true,"href":"https:\/\/www.fuldaernachrichten.de\/index.php?rest_route=%2Fwp%2Fv2%2Ftags&post=18065"}],"curies":[{"name":"wp","href":"https:\/\/api.w.org\/{rel}","templated":true}]}}