{"id":1806,"date":"2007-02-21T10:47:40","date_gmt":"2007-02-21T09:47:40","guid":{"rendered":"http:\/\/www.schoene-nachrichten.de\/?p=1806"},"modified":"2007-02-21T10:54:48","modified_gmt":"2007-02-21T09:54:48","slug":"aschermittwoch-heute-beginnt-vierzigtaegige-fastenzeit","status":"publish","type":"post","link":"https:\/\/www.fuldaernachrichten.de\/?p=1806","title":{"rendered":"Aschermittwoch &#8211; Heute beginnt vierzigt\u00e4gige Fastenzeit"},"content":{"rendered":"<p><strong>Brauchtum.<\/strong> Am heutigen Aschermittwoch beginnt die vierzigt\u00e4gige Fastenzeit, mit der sich katholische Christen auf das Fest der Auferstehung Jesu von den Toten vorbereiten. Zum Beginn dieser \u201e\u00f6sterlichen Bu\u00dfzeit\u201c wird nach alter Tradition den Gottesdienstbesuchern als \u00e4u\u00dferes Zeichen der Bu\u00dfgesinnung das Aschenkreuz aufgelegt.<\/p>\n<p><!--more-->Seinen Namen hat der \u201eAschermittwoch\u201c von der Praxis \u00f6ffentlicher Bu\u00dfe, wie sie die Kirche einstmals kannte: Die B\u00fc\u00dfer legten ein Bu\u00dfgewand an und wurden mit Asche bestreut. Schon in der Antike und im Alten Testament war Asche Symbol der Nichtigkeit und Verg\u00e4nglichkeit. Im 10. Jahrhundert entfiel dann die \u00f6ffentliche Kirchenbu\u00dfe. Was blieb, war der Ritus der Aschenbestreuung. Etwa seit Ende des 11. Jahrhunderts wurde dazu die Asche der im Vorjahr am Palmsonntag benutzten Palmzweige verwandt.<\/p>\n<p><strong>Das Aschenkreuz &#8211; Zeichen f\u00fcr die Verg\u00e4nglichkeit des Lebens<\/strong><\/p>\n<p>Bis zum heutigen Tag lassen sich katholische Christen im Aschermittwoch-Gottesdienst mit Asche ein Kreuz auf die Stirn zeichnen \u2013 sichtbares Zeichen f\u00fcr die Verg\u00e4nglichkeit allen Lebens: \u201eBedenke, Mensch, da\u00df Du Staub bist und wieder zum Staub zur\u00fcckkehrst.\u201c Der Aschermittwoch ist neben dem Karfreitag heute auch der einzige vorgeschriebene strenge Fast- und Abstinenztag in der katholischen Kirche. An ihm soll sich der Gl\u00e4ubige gem\u00e4\u00df der kirchlichen Bu\u00dfpraxis nur einmal satt essen und auf Fleischspeisen verzichten.<\/p>\n<p>In der Fastenzeit l\u00e4dt die Kirche alle Gl\u00e4ubigen ein, sich durch Bu\u00dfe und Umkehr auf die Feier des Todes und der Auferstehung Christi vorzubereiten. Bereits das Konzil von Nic\u00e4a (325) kannte eine vierzigt\u00e4gige Vorbereitungszeit auf das Fest der Auferweckung Jesu von den Toten. Vorbild hierf\u00fcr war Jesus selbst, der nach der Taufe im Jordan 40 Tage auf Nahrung verzichtete, wie die Evangelisten Matth\u00e4us und Lukas berichten.<\/p>\n<p><strong>40 Tage fasten<\/strong><\/p>\n<p>Urspr\u00fcnglich stand nicht der Aschermittwoch, sondern der sechste Sonntag vor Ostern am Anfang der \u201eQuadragesima\u201c. Doch die Kirche konnte sich den Sonntag nur als Festtag vorstellen, an dem man folglich auch nicht fastete. So wurde offenbar schon im sechsten oder siebten Jahrhundert der Beginn der Fastenzeit vom sechsten Sonntag vor Ostern auf den vorhergehenden Mittwoch festgelegt. Die 40 Tage waren damit gewahrt. Sie spielen schon im Alten Testament eine gro\u00dfe Rolle: Vierzig Tage verbrachte Mose auf dem Berg, um Gottes Gebote entgegenzunehmen. Vierzig Tage wanderte Elia fastend und betend durch die W\u00fcste, bis er am Horeb Gott in geheimnisvoller Weise erfahren durfte.<\/p>\n<p>Viele Christen beginnen am Aschermittwoch zeichenhaft und ganz bewu\u00dft ihre \u201eFastenzeit\u201c, indem sie sich beispielsweise in freier Entscheidung vornehmen, bis Ostern auf Alkohol, Rauchen oder S\u00fc\u00dfigkeiten zu verzichten. In ihren Weisungen zur kirchlichen Bu\u00dfpraxis unterstreichen die deutschen Bisch\u00f6fe ausdr\u00fccklich den Sinn eines solchen besonderen pers\u00f6nlichen Fastenopfers. Sie sehen die Bedeutung der Fastenzeit darin, sich selbst und den eigenen Lebensstil so zu \u00e4ndern, \u201eda\u00df durch Besinnung und Gebet, heilsamen Verzicht und neue Sorge f\u00fcreinander, Christus wieder mehr Raum in unserem Leben gewinnt\u201c.<\/p>\n<p><strong>Dem Leben neuen Sinn geben<\/strong><\/p>\n<p>Die Bisch\u00f6fe heben besonders Wert und Zeugnis des gemeinsamen Freitagsopfers hervor, das verschiedene Formen annehmen k\u00f6nne: Verzicht auf Fleischspeisen, der nach wie vor sinnvoll und angemessen sei, sp\u00fcrbare Einschr\u00e4nkung im Konsum, besonders bei Genu\u00dfmitteln, Dienste und Hilfeleistungen f\u00fcr den N\u00e4chsten. Durch Fasten, Gebet, Umkehr und Bu\u00dfe sollen die Christen ihrem Leben neuen Sinn geben. Nicht zuletzt laden die Bisch\u00f6fe zum Empfang des Bu\u00dfsakramentes ein. (bpf)<\/p>\n","protected":false},"excerpt":{"rendered":"<div class=\"tmnf_excerpt\"><p>Brauchtum. Am heutigen Aschermittwoch beginnt die vierzigt\u00e4gige Fastenzeit, mit der sich katholische Christen auf das Fest der Auferstehung Jesu von den Toten vorbereiten. Zum Beginn dieser \u201e\u00f6sterlichen Bu\u00dfzeit\u201c wird nach alter Tradition den Gottesdienstbesuchern als \u00e4u\u00dferes Zeichen der Bu\u00dfgesinnung das Aschenkreuz aufgelegt.<\/p>\n<\/div>","protected":false},"author":1,"featured_media":0,"comment_status":"closed","ping_status":"closed","sticky":false,"template":"","format":"standard","meta":{"footnotes":""},"categories":[1,50],"tags":[],"class_list":["post-1806","post","type-post","status-publish","format-standard","hentry","category-startseite","category-kirche"],"_links":{"self":[{"href":"https:\/\/www.fuldaernachrichten.de\/index.php?rest_route=\/wp\/v2\/posts\/1806","targetHints":{"allow":["GET"]}}],"collection":[{"href":"https:\/\/www.fuldaernachrichten.de\/index.php?rest_route=\/wp\/v2\/posts"}],"about":[{"href":"https:\/\/www.fuldaernachrichten.de\/index.php?rest_route=\/wp\/v2\/types\/post"}],"author":[{"embeddable":true,"href":"https:\/\/www.fuldaernachrichten.de\/index.php?rest_route=\/wp\/v2\/users\/1"}],"replies":[{"embeddable":true,"href":"https:\/\/www.fuldaernachrichten.de\/index.php?rest_route=%2Fwp%2Fv2%2Fcomments&post=1806"}],"version-history":[{"count":0,"href":"https:\/\/www.fuldaernachrichten.de\/index.php?rest_route=\/wp\/v2\/posts\/1806\/revisions"}],"wp:attachment":[{"href":"https:\/\/www.fuldaernachrichten.de\/index.php?rest_route=%2Fwp%2Fv2%2Fmedia&parent=1806"}],"wp:term":[{"taxonomy":"category","embeddable":true,"href":"https:\/\/www.fuldaernachrichten.de\/index.php?rest_route=%2Fwp%2Fv2%2Fcategories&post=1806"},{"taxonomy":"post_tag","embeddable":true,"href":"https:\/\/www.fuldaernachrichten.de\/index.php?rest_route=%2Fwp%2Fv2%2Ftags&post=1806"}],"curies":[{"name":"wp","href":"https:\/\/api.w.org\/{rel}","templated":true}]}}