{"id":180501,"date":"2019-08-03T16:46:40","date_gmt":"2019-08-03T14:46:40","guid":{"rendered":"http:\/\/www.fuldaer-nachrichten.de\/?p=180501"},"modified":"2019-08-17T16:48:48","modified_gmt":"2019-08-17T14:48:48","slug":"30-jahre-vereintes-deutschland-2019-schoenstaetter-feiern-und-beten-mit-bischof-dr-michael-gerber","status":"publish","type":"post","link":"https:\/\/www.fuldaernachrichten.de\/?p=180501","title":{"rendered":"30 Jahre vereintes Deutschland: 2019: Sch\u00f6nst\u00e4tter  feiern und beten mit Bischof Dr. Michael Gerber"},"content":{"rendered":"<p>Zu ihrem Kapellchenfest erwarten die Sch\u00f6nst\u00e4tter Bischof Dr. Michael Gerber auf der Marienh\u00f6he. Das Festprogramm startet mit dem Gottesdienst um 11:30 Uhr, den  die K\u00f6niXkinder (Edelzell\/Engelhelms) musikalisch gestalten. Fu\u00dfwallfahrerInnen aus dem Jossgrund brechen von dort am 23. August nach Dieterhausen auf, um beim Fest dabei zu sein. Dass Programm bietet etwas f\u00fcr Kinder und Erwachsenen. Bei der Tombola gewinnt jedes Los! Zu sehen gibt es einen Film \u00fcber Pater Josef Kentenich. Die Kindertanzgruppe zeigt ihr K\u00f6nnen. Stille und Einkehr finden die G\u00e4ste beim Lobbpreis mit der Lobpreisband Hilders im Heiligtum.<br \/>\nDie Wallfahrt zur Siegess\u00e4ule mit Bischof Dr. Michael Gerber, verbunden mit dem Dankgebet f\u00fcr 30-Jahre vereintes Deutschland, beginnt um 17:30 Uhr \u2013 musikalisch begleitet von der Musik \u201eHauneqelle\u201c Dietershausen. Bei einem Platzkonzert, Haxen und Pilgerstoff klingt das Programm aus.<\/p>\n","protected":false},"excerpt":{"rendered":"<div class=\"tmnf_excerpt\"><p>Zu ihrem Kapellchenfest erwarten die Sch\u00f6nst\u00e4tter Bischof Dr. Michael Gerber auf der Marienh\u00f6he. Das Festprogramm startet mit dem Gottesdienst um 11:30 Uhr, den die K\u00f6niXkinder (Edelzell\/Engelhelms) musikalisch gestalten. Fu\u00dfwallfahrerInnen aus dem Jossgrund brechen von dort am 23. August nach Dieterhausen auf, um beim Fest dabei zu sein. Dass Programm bietet etwas f\u00fcr Kinder und Erwachsenen. &hellip;<\/p>\n<\/div>","protected":false},"author":1,"featured_media":180502,"comment_status":"closed","ping_status":"closed","sticky":false,"template":"","format":"standard","meta":{"footnotes":""},"categories":[1],"tags":[],"class_list":["post-180501","post","type-post","status-publish","format-standard","has-post-thumbnail","hentry","category-startseite"],"_links":{"self":[{"href":"https:\/\/www.fuldaernachrichten.de\/index.php?rest_route=\/wp\/v2\/posts\/180501","targetHints":{"allow":["GET"]}}],"collection":[{"href":"https:\/\/www.fuldaernachrichten.de\/index.php?rest_route=\/wp\/v2\/posts"}],"about":[{"href":"https:\/\/www.fuldaernachrichten.de\/index.php?rest_route=\/wp\/v2\/types\/post"}],"author":[{"embeddable":true,"href":"https:\/\/www.fuldaernachrichten.de\/index.php?rest_route=\/wp\/v2\/users\/1"}],"replies":[{"embeddable":true,"href":"https:\/\/www.fuldaernachrichten.de\/index.php?rest_route=%2Fwp%2Fv2%2Fcomments&post=180501"}],"version-history":[{"count":1,"href":"https:\/\/www.fuldaernachrichten.de\/index.php?rest_route=\/wp\/v2\/posts\/180501\/revisions"}],"predecessor-version":[{"id":180503,"href":"https:\/\/www.fuldaernachrichten.de\/index.php?rest_route=\/wp\/v2\/posts\/180501\/revisions\/180503"}],"wp:featuredmedia":[{"embeddable":true,"href":"https:\/\/www.fuldaernachrichten.de\/index.php?rest_route=\/wp\/v2\/media\/180502"}],"wp:attachment":[{"href":"https:\/\/www.fuldaernachrichten.de\/index.php?rest_route=%2Fwp%2Fv2%2Fmedia&parent=180501"}],"wp:term":[{"taxonomy":"category","embeddable":true,"href":"https:\/\/www.fuldaernachrichten.de\/index.php?rest_route=%2Fwp%2Fv2%2Fcategories&post=180501"},{"taxonomy":"post_tag","embeddable":true,"href":"https:\/\/www.fuldaernachrichten.de\/index.php?rest_route=%2Fwp%2Fv2%2Ftags&post=180501"}],"curies":[{"name":"wp","href":"https:\/\/api.w.org\/{rel}","templated":true}]}}