{"id":180492,"date":"2019-08-04T16:41:19","date_gmt":"2019-08-04T14:41:19","guid":{"rendered":"http:\/\/www.fuldaer-nachrichten.de\/?p=180492"},"modified":"2019-08-17T16:42:12","modified_gmt":"2019-08-17T14:42:12","slug":"infoabend-zu-praxiskurs-trauerbegleitung","status":"publish","type":"post","link":"https:\/\/www.fuldaernachrichten.de\/?p=180492","title":{"rendered":"Infoabend zu Praxiskurs Trauerbegleitung"},"content":{"rendered":"<p>Die Trauerarbeit im Bistum Fulda bietet im Bonifatiushaus am Mittwoch, 14. August 2019 um 19 Uhr einen Informationsabend an, bei dem die Inhalte und das Konzept des \u201ePraxiskurses\u201c Trauerbegleitung vorgestellt wird. Im Zeitraum August bis November werden sechs Praxismodule (jeweils samstags und sonntags) angeboten, die einzeln buchbar sind. F\u00fcr jene, die Trauernden nicht ausweichen oder auf sie zugehen m\u00f6chten und eine Praxisfeld suchen, gibtr es auch die M\u00f6glichkeit den  vollst\u00e4ndiger Praxiskurs zu buchen und ein Teilzertifikat damit zu erwerben. Der Kurs orientiert sich an den Standards f\u00fcr Familientrauer und an den Leitlinien der Verwaisten Eltern und Geschwister in Deutschland e.V. (VEID). Eingeladen sind Personen, die bereits mit Trauernden arbeiten oder sich auf die Begegnung mit ihnen vorbereiten und weiterqualifizieren wollen.<!--more--><\/p>\n<p>Leitung des Abends und Vorstellung der Module hat Werner Gutheil, Di\u00f6zesanseelsorger f\u00fcr Trauernde im Bistum Fulda. Er informiert \u00fcber die Praxismodule \u201eDem eigenen Modul in Symbolen eine \u00e4u\u00dfere Gestalt geben\u201c, \u201eMethoden und Anregungen zur Trauerbegleitung\u201c, \u201eGespr\u00e4che mit Trauernde\u201c, \u201eGedenkformen in gemeinsamen Feiern\u201c, \u201eTrauerarbeit mit Kindern und Jugendlichen\u201c, \u201eTrauerarbeit in Lebensr\u00e4umen\u201c.<\/p>\n<p>Anmeldung zum Infoabend ist bei Hilda M\u00f6ller, Bonifatiushaus telefonisch unter: 0661-8398-120 oder per Mail: Hilda.moeller@bistum-fulda.de oder info@bonfatiushaus.de   Neuenberger Str. 3-5, 36041 Fulda. Der Infoabend ist kostenlos. Anmeldung ist erbeten. Kurzfristige Teilnahme ist aber ebenfalls m\u00f6glich.  <\/p>\n","protected":false},"excerpt":{"rendered":"<div class=\"tmnf_excerpt\"><p>Die Trauerarbeit im Bistum Fulda bietet im Bonifatiushaus am Mittwoch, 14. August 2019 um 19 Uhr einen Informationsabend an, bei dem die Inhalte und das Konzept des \u201ePraxiskurses\u201c Trauerbegleitung vorgestellt wird. Im Zeitraum August bis November werden sechs Praxismodule (jeweils samstags und sonntags) angeboten, die einzeln buchbar sind. F\u00fcr jene, die Trauernden nicht ausweichen oder &hellip;<\/p>\n<\/div>","protected":false},"author":1,"featured_media":180493,"comment_status":"closed","ping_status":"closed","sticky":false,"template":"","format":"standard","meta":{"footnotes":""},"categories":[1],"tags":[],"class_list":["post-180492","post","type-post","status-publish","format-standard","has-post-thumbnail","hentry","category-startseite"],"_links":{"self":[{"href":"https:\/\/www.fuldaernachrichten.de\/index.php?rest_route=\/wp\/v2\/posts\/180492","targetHints":{"allow":["GET"]}}],"collection":[{"href":"https:\/\/www.fuldaernachrichten.de\/index.php?rest_route=\/wp\/v2\/posts"}],"about":[{"href":"https:\/\/www.fuldaernachrichten.de\/index.php?rest_route=\/wp\/v2\/types\/post"}],"author":[{"embeddable":true,"href":"https:\/\/www.fuldaernachrichten.de\/index.php?rest_route=\/wp\/v2\/users\/1"}],"replies":[{"embeddable":true,"href":"https:\/\/www.fuldaernachrichten.de\/index.php?rest_route=%2Fwp%2Fv2%2Fcomments&post=180492"}],"version-history":[{"count":1,"href":"https:\/\/www.fuldaernachrichten.de\/index.php?rest_route=\/wp\/v2\/posts\/180492\/revisions"}],"predecessor-version":[{"id":180494,"href":"https:\/\/www.fuldaernachrichten.de\/index.php?rest_route=\/wp\/v2\/posts\/180492\/revisions\/180494"}],"wp:featuredmedia":[{"embeddable":true,"href":"https:\/\/www.fuldaernachrichten.de\/index.php?rest_route=\/wp\/v2\/media\/180493"}],"wp:attachment":[{"href":"https:\/\/www.fuldaernachrichten.de\/index.php?rest_route=%2Fwp%2Fv2%2Fmedia&parent=180492"}],"wp:term":[{"taxonomy":"category","embeddable":true,"href":"https:\/\/www.fuldaernachrichten.de\/index.php?rest_route=%2Fwp%2Fv2%2Fcategories&post=180492"},{"taxonomy":"post_tag","embeddable":true,"href":"https:\/\/www.fuldaernachrichten.de\/index.php?rest_route=%2Fwp%2Fv2%2Ftags&post=180492"}],"curies":[{"name":"wp","href":"https:\/\/api.w.org\/{rel}","templated":true}]}}