{"id":180481,"date":"2019-08-05T16:32:41","date_gmt":"2019-08-05T14:32:41","guid":{"rendered":"http:\/\/www.fuldaer-nachrichten.de\/?p=180481"},"modified":"2019-08-17T16:33:34","modified_gmt":"2019-08-17T14:33:34","slug":"weil-es-wichtig-ist-kfd-grossenlueder-spendet-600-euro-an-den-hospiz-foerderverein-lebenswert-fulda","status":"publish","type":"post","link":"https:\/\/www.fuldaernachrichten.de\/?p=180481","title":{"rendered":"\u201eWeil es wichtig ist\u201c \u2013 kfd Gro\u00dfenl\u00fcder spendet 600 Euro an den Hospiz-F\u00f6rderverein LebensWert Fulda"},"content":{"rendered":"<p>Die Katholische Frauengemeinschaft in Gro\u00dfenl\u00fcder (kfd) unterst\u00fctzt den Hospiz-F\u00f6rderverein LebensWert in Fulda mit 600 Euro. \u201eWeil es wichtig ist, in einer schweren Phase jemanden an seiner Seite zu haben und professionelle Hilfe zu bekommen\u201c, sagte die kfd-Vorsitzende Silvia Krimm bei der \u00dcbergabe im Hospiz-Zentrum der Malteser im fr\u00fcheren Eika-Geb\u00e4ude. Auf die Idee gekommen war Monika Mengel bei einem Ausflug der kfd: Man hatte gut kalkuliert, so dass von den Teilnehmerbeitr\u00e4gen eine Summe \u00fcbrig blieb und die Mitglieder sich schnell einige waren, die Summe f\u00fcr eine \u201egute Sache\u201c zu spenden. Die kfd Gro\u00dfenl\u00fcder rundete den Betrag dann auf 600 Euro auf.<!--more--><\/p>\n<p>Michael Brand und Silvia Hillenbrand vom Hospiz-F\u00f6rderverein dankten den kfd-Frauen f\u00fcr die \u201egro\u00dfz\u00fcgige Spende\u201c. \u201eHospizbewegung und kfd verbindet der Grundgedanke der Hospizarbeit: Eine bejahenden Haltung zu Leben und Tod. Wir wollen gemeinsam das Menschliche st\u00e4rken\u201c, betonte Vorsitzender Michael Brand im Gespr\u00e4ch. Silvia Hillenbrand berichtete \u00fcber die Arbeit des Vereins \u201eDer Betrag kommt zu 100 Prozent der Hospizarbeit in unserer Region zugute. Konkret zur Seite stehen, die verschiedenen Angebote der Hospizarbeit f\u00f6rdern und bekannter machen, das tun wir aus \u00dcberzeugung.\u201c<\/p>\n<p>Der Leiter der Hospiz-Zentrums der Malteser, Wilfried Wanjek, gab Einblicke in die tagt\u00e4gliche Arbeit, berichtete \u00fcber \u201eschwierige und auch fr\u00f6hliche Momente\u201c. \u201eMenschen begleiten und gerade in dieser sensiblen Phase dem Leben besondere Aufmerksamkeit geben\u201c, formulierte Wilfried Wanjek eindr\u00fccklich das Tun.<\/p>\n","protected":false},"excerpt":{"rendered":"<div class=\"tmnf_excerpt\"><p>Die Katholische Frauengemeinschaft in Gro\u00dfenl\u00fcder (kfd) unterst\u00fctzt den Hospiz-F\u00f6rderverein LebensWert in Fulda mit 600 Euro. \u201eWeil es wichtig ist, in einer schweren Phase jemanden an seiner Seite zu haben und professionelle Hilfe zu bekommen\u201c, sagte die kfd-Vorsitzende Silvia Krimm bei der \u00dcbergabe im Hospiz-Zentrum der Malteser im fr\u00fcheren Eika-Geb\u00e4ude. Auf die Idee gekommen war Monika &hellip;<\/p>\n<\/div>","protected":false},"author":1,"featured_media":180483,"comment_status":"closed","ping_status":"closed","sticky":false,"template":"","format":"standard","meta":{"footnotes":""},"categories":[1],"tags":[],"class_list":["post-180481","post","type-post","status-publish","format-standard","has-post-thumbnail","hentry","category-startseite"],"_links":{"self":[{"href":"https:\/\/www.fuldaernachrichten.de\/index.php?rest_route=\/wp\/v2\/posts\/180481","targetHints":{"allow":["GET"]}}],"collection":[{"href":"https:\/\/www.fuldaernachrichten.de\/index.php?rest_route=\/wp\/v2\/posts"}],"about":[{"href":"https:\/\/www.fuldaernachrichten.de\/index.php?rest_route=\/wp\/v2\/types\/post"}],"author":[{"embeddable":true,"href":"https:\/\/www.fuldaernachrichten.de\/index.php?rest_route=\/wp\/v2\/users\/1"}],"replies":[{"embeddable":true,"href":"https:\/\/www.fuldaernachrichten.de\/index.php?rest_route=%2Fwp%2Fv2%2Fcomments&post=180481"}],"version-history":[{"count":1,"href":"https:\/\/www.fuldaernachrichten.de\/index.php?rest_route=\/wp\/v2\/posts\/180481\/revisions"}],"predecessor-version":[{"id":180482,"href":"https:\/\/www.fuldaernachrichten.de\/index.php?rest_route=\/wp\/v2\/posts\/180481\/revisions\/180482"}],"wp:featuredmedia":[{"embeddable":true,"href":"https:\/\/www.fuldaernachrichten.de\/index.php?rest_route=\/wp\/v2\/media\/180483"}],"wp:attachment":[{"href":"https:\/\/www.fuldaernachrichten.de\/index.php?rest_route=%2Fwp%2Fv2%2Fmedia&parent=180481"}],"wp:term":[{"taxonomy":"category","embeddable":true,"href":"https:\/\/www.fuldaernachrichten.de\/index.php?rest_route=%2Fwp%2Fv2%2Fcategories&post=180481"},{"taxonomy":"post_tag","embeddable":true,"href":"https:\/\/www.fuldaernachrichten.de\/index.php?rest_route=%2Fwp%2Fv2%2Ftags&post=180481"}],"curies":[{"name":"wp","href":"https:\/\/api.w.org\/{rel}","templated":true}]}}