{"id":180475,"date":"2019-08-05T16:28:11","date_gmt":"2019-08-05T14:28:11","guid":{"rendered":"http:\/\/www.fuldaer-nachrichten.de\/?p=180475"},"modified":"2019-08-17T16:30:10","modified_gmt":"2019-08-17T14:30:10","slug":"12-internationaler-krippenweg-grossenlueder-folget-dem-stern","status":"publish","type":"post","link":"https:\/\/www.fuldaernachrichten.de\/?p=180475","title":{"rendered":"12. Internationaler Krippenweg Gro\u00dfenl\u00fcder &#8211; &#8220;Folget dem Stern&#8221;"},"content":{"rendered":"<p>P\u00fcnktlich zum 1. Advent \u00f6ffnet der Krippenweg zum 12. Mal seine Pforten und l\u00e4dt Interessierte aus Nah und Fern ein die Faszination der Krippen vom 30. November 2019 bis zum 14. Januar 2020 zu erleben. Die Er\u00f6ffnung ist am Freitag, 29. November 2019 um 19.30 Uhr im Stiftskapitularischen Amtshaus. Auf einem eineinhalbst\u00fcndigen Rundweg durch den historischen Ortskern pr\u00e4sentiert der Kultur-, Heimat- und Geschichtsverein der Gemeinde Gro\u00dfenl\u00fcder e.V. in liebevoll dekorierten Fenstern 33 Exponate. Darunter Krippen aus den L\u00e4ndern entlang der \u201eVia Regia\u201c und weiteren Kulturkreisen. Holzbildhauer und K\u00fcnstler aus Hessen, Bayern und Th\u00fcringen beteiligen sich ebenso wie private Leihgeber. <!--more--><\/p>\n<p>Die Schnitzschule Empfertshausen aus Th\u00fcringen pr\u00e4sentiert im Rahmen des Krippenwegs die pr\u00e4mierten Arbeiten des Wettbewerbs \u201eDie Krippe in der heutigen Zeit\u201c, der in Kooperation mit dem Veranstalter des Krippenwegs ausgetragen wird. Im Garten des Stiftskapitularischen Amtshauses erwartet die Besucher eine Keramikwand mit 18 Darstellungen aus dem Leben Jesu, die von Lehrenden und Lernenden der Schnitzschule Empfertshausen gestaltet wurde. Mit ihrem weihnachtlichen Lichterglanz verleihen die vom Gewerbeverein Gro\u00dfenl\u00fcder aufgestellten Tannenb\u00e4ume dem gesamten Ort eine einzigartige Atmosph\u00e4re. Der festlich geschm\u00fcckte \u201eEngelweg\u201c, der von den Anwohnern gestaltet wird, l\u00e4dt zum Staunen und Verweilen ein. Besonders reizvoll ist der Besuch des bis 22.00 Uhr beleuchteten Krippenwegs nach Einbruch der Dunkelheit.<br \/>\nEine Wegbeschreibung erhalten Besucher am Info-Punkt. Stiftskapitularischen Amtshauses, Marktplatz 1 <\/p>\n<p><strong>F\u00fchrungen auf dem Krippenweg<\/strong><br \/>\nF\u00fcr Gruppen ab 10 Personen<br \/>\nPreis pro Person 2,50 \u00e2\u201a\u00ac<br \/>\nKontakt: info@heimatverein-grossenlueder.de<\/p>\n<p><strong>Informationen und Flyer<\/strong><br \/>\n<a href=\"http:\/\/www.krippenausstellung.info\" rel=\"noopener noreferrer\" target=\"_blank\">www.krippenausstellung.info<\/a><br \/>\n<a href=\"http:\/\/www.internationaler-krippenweg.de\" rel=\"noopener noreferrer\" target=\"_blank\">www.internationaler-krippenweg.de<\/a><br \/>\nKontakt: info@heimatverein-grossenlueder.de<\/p>\n<p><strong>Internationalen Krippensammlung<\/strong><br \/>\nIn der Internationalen Krippensammlung im Stiftskapitularischen Amtshaus, Am Marktplatz 1, erwarten die Besucher Krippendarstellungen aus aller Welt.<br \/>\nDie von Ida und Walter Odenwald gestiftete Krippenausstellung im zweiten Stock des Stiftkapitularischen Amtshauses in Gro\u00dfenl\u00fcder umfasst \u00fcber 80 Krippen. Sie zeigt in musealer Form, wie viele ganz unterschiedliche M\u00f6glichkeiten es gibt, die biblische Szene von Christi Geburt zu pr\u00e4sentieren. Die Vielfalt erstreckt sich in der Darstellung selbst, beeinflusst durch die verschiedenen Kulturkreise, und der Auswahl der unterschiedlichsten Materialien.<\/p>\n<p><strong>\u00d6ffnungszeiten<\/strong><br \/>\n1.,8.,15.,22.,26.,29. Dez.2019, 5.,12.Jan. 2020 jeweils 14.00-17.00 Uhr.<br \/>\nF\u00fchrungen au\u00dferhalb der \u00d6ffnungszeiten nach telefonischer<br \/>\nVereinbarung ab 10 Personen: Tel. 06648\/9500-0<br \/>\nEintritt:<br \/>\nErwachsene: 2,50 \u00e2\u201a\u00ac<br \/>\nGruppen ab 15 Personen: 2,00 \u00e2\u201a\u00ac<br \/>\nKinder- und Jugendliche: frei<\/p>\n","protected":false},"excerpt":{"rendered":"<div class=\"tmnf_excerpt\"><p>P\u00fcnktlich zum 1. Advent \u00f6ffnet der Krippenweg zum 12. Mal seine Pforten und l\u00e4dt Interessierte aus Nah und Fern ein die Faszination der Krippen vom 30. November 2019 bis zum 14. Januar 2020 zu erleben. Die Er\u00f6ffnung ist am Freitag, 29. November 2019 um 19.30 Uhr im Stiftskapitularischen Amtshaus. Auf einem eineinhalbst\u00fcndigen Rundweg durch den &hellip;<\/p>\n<\/div>","protected":false},"author":1,"featured_media":180476,"comment_status":"closed","ping_status":"closed","sticky":false,"template":"","format":"standard","meta":{"footnotes":""},"categories":[1],"tags":[],"class_list":["post-180475","post","type-post","status-publish","format-standard","has-post-thumbnail","hentry","category-startseite"],"_links":{"self":[{"href":"https:\/\/www.fuldaernachrichten.de\/index.php?rest_route=\/wp\/v2\/posts\/180475","targetHints":{"allow":["GET"]}}],"collection":[{"href":"https:\/\/www.fuldaernachrichten.de\/index.php?rest_route=\/wp\/v2\/posts"}],"about":[{"href":"https:\/\/www.fuldaernachrichten.de\/index.php?rest_route=\/wp\/v2\/types\/post"}],"author":[{"embeddable":true,"href":"https:\/\/www.fuldaernachrichten.de\/index.php?rest_route=\/wp\/v2\/users\/1"}],"replies":[{"embeddable":true,"href":"https:\/\/www.fuldaernachrichten.de\/index.php?rest_route=%2Fwp%2Fv2%2Fcomments&post=180475"}],"version-history":[{"count":1,"href":"https:\/\/www.fuldaernachrichten.de\/index.php?rest_route=\/wp\/v2\/posts\/180475\/revisions"}],"predecessor-version":[{"id":180477,"href":"https:\/\/www.fuldaernachrichten.de\/index.php?rest_route=\/wp\/v2\/posts\/180475\/revisions\/180477"}],"wp:featuredmedia":[{"embeddable":true,"href":"https:\/\/www.fuldaernachrichten.de\/index.php?rest_route=\/wp\/v2\/media\/180476"}],"wp:attachment":[{"href":"https:\/\/www.fuldaernachrichten.de\/index.php?rest_route=%2Fwp%2Fv2%2Fmedia&parent=180475"}],"wp:term":[{"taxonomy":"category","embeddable":true,"href":"https:\/\/www.fuldaernachrichten.de\/index.php?rest_route=%2Fwp%2Fv2%2Fcategories&post=180475"},{"taxonomy":"post_tag","embeddable":true,"href":"https:\/\/www.fuldaernachrichten.de\/index.php?rest_route=%2Fwp%2Fv2%2Ftags&post=180475"}],"curies":[{"name":"wp","href":"https:\/\/api.w.org\/{rel}","templated":true}]}}