{"id":180472,"date":"2019-08-05T16:26:58","date_gmt":"2019-08-05T14:26:58","guid":{"rendered":"http:\/\/www.fuldaer-nachrichten.de\/?p=180472"},"modified":"2019-08-17T16:27:34","modified_gmt":"2019-08-17T14:27:34","slug":"beste-laune-und-sonnenschein-beim-2-nachbarschaftsfest-nordend","status":"publish","type":"post","link":"https:\/\/www.fuldaernachrichten.de\/?p=180472","title":{"rendered":"Beste Laune und Sonnenschein  beim 2. Nachbarschaftsfest Nordend"},"content":{"rendered":"<p>Fr\u00f6hliche Stimmung bei sch\u00f6nstem Sonntagswetter bestimmte das Nachbarschaftsfest Nordend auf dem  Joseph-Spielplatz. Schon zum zweiten Mal hatten Bewohner mit Unterst\u00fctzung des Stadtteilarbeitskreises die Initiative ergriffen, um Nachbarn und insbesondere Eltern mit ihren Kindern in lockerer Atmosph\u00e4re zusammenzuf\u00fchren.<!--more--><\/p>\n<p>Die Kinder hatten viel Spa\u00df bei den Freiluftspielen mit Cordula Widmann von der Spielberatung der Stadt Fulda. Zudem  hatte die Kita St. Joseph Angebote zum Basteln vorbereitet. Auf einer Ausstellungswand bekam man historische Bilder des Nordends zu sehen. Dabei konnte auf die Recherche des Spar- und Bauvereins zum 125-j\u00e4hrigen Jubil\u00e4um zur\u00fcckgegriffen werden. Edith Bing gab einen  Einblick in ihre Kindheit und Jugendzeit im Nordend und vermittelte im Gespr\u00e4ch mit den Besuchern sowie in einem kleinen Tagebuch ihre pers\u00f6nliche Verbundenheit mit dem Quartier. Der Geselligkeitsverein Nordend e.V. mit dem erweiterten Vorstand versorgte die G\u00e4ste mit Getr\u00e4nken und Laugenbrezeln.<\/p>\n<p>Stadtpfarrer Stefan Bu\u00df  war es ein Anliegen, mit den Menschen in ungezwungenem Beisammensein ins Gespr\u00e4ch zu kommen. Auch der Erste Kreisbeigeordnete Frederik Schmitt lie\u00df es sich nicht nehmen, bei dem Fest vorbeizuschauen, da er mit seiner Familie im Nordend lebt. <\/p>\n<p>Auf Wunsch der kleinen und gro\u00dfen Besucher*innen soll es zuk\u00fcnftig h\u00e4ufiger solche Nachbarschaftsfeste geben, die Gelegenheit zur Begegnung zwischen Jung und Alt bieten. Die Vorbereitungsgruppe \u201eLebendige Nachbarschaften\u201c denkt schon an die n\u00e4chsten Schritte. Ein Stadtteilspaziergang  \u201eNordend im Wandel der Zeit\u201c soll Bewohner mit ihrem Quartier vertrauter machen. <\/p>\n","protected":false},"excerpt":{"rendered":"<div class=\"tmnf_excerpt\"><p>Fr\u00f6hliche Stimmung bei sch\u00f6nstem Sonntagswetter bestimmte das Nachbarschaftsfest Nordend auf dem Joseph-Spielplatz. Schon zum zweiten Mal hatten Bewohner mit Unterst\u00fctzung des Stadtteilarbeitskreises die Initiative ergriffen, um Nachbarn und insbesondere Eltern mit ihren Kindern in lockerer Atmosph\u00e4re zusammenzuf\u00fchren.<\/p>\n<\/div>","protected":false},"author":1,"featured_media":180473,"comment_status":"closed","ping_status":"closed","sticky":false,"template":"","format":"standard","meta":{"footnotes":""},"categories":[1],"tags":[],"class_list":["post-180472","post","type-post","status-publish","format-standard","has-post-thumbnail","hentry","category-startseite"],"_links":{"self":[{"href":"https:\/\/www.fuldaernachrichten.de\/index.php?rest_route=\/wp\/v2\/posts\/180472","targetHints":{"allow":["GET"]}}],"collection":[{"href":"https:\/\/www.fuldaernachrichten.de\/index.php?rest_route=\/wp\/v2\/posts"}],"about":[{"href":"https:\/\/www.fuldaernachrichten.de\/index.php?rest_route=\/wp\/v2\/types\/post"}],"author":[{"embeddable":true,"href":"https:\/\/www.fuldaernachrichten.de\/index.php?rest_route=\/wp\/v2\/users\/1"}],"replies":[{"embeddable":true,"href":"https:\/\/www.fuldaernachrichten.de\/index.php?rest_route=%2Fwp%2Fv2%2Fcomments&post=180472"}],"version-history":[{"count":1,"href":"https:\/\/www.fuldaernachrichten.de\/index.php?rest_route=\/wp\/v2\/posts\/180472\/revisions"}],"predecessor-version":[{"id":180474,"href":"https:\/\/www.fuldaernachrichten.de\/index.php?rest_route=\/wp\/v2\/posts\/180472\/revisions\/180474"}],"wp:featuredmedia":[{"embeddable":true,"href":"https:\/\/www.fuldaernachrichten.de\/index.php?rest_route=\/wp\/v2\/media\/180473"}],"wp:attachment":[{"href":"https:\/\/www.fuldaernachrichten.de\/index.php?rest_route=%2Fwp%2Fv2%2Fmedia&parent=180472"}],"wp:term":[{"taxonomy":"category","embeddable":true,"href":"https:\/\/www.fuldaernachrichten.de\/index.php?rest_route=%2Fwp%2Fv2%2Fcategories&post=180472"},{"taxonomy":"post_tag","embeddable":true,"href":"https:\/\/www.fuldaernachrichten.de\/index.php?rest_route=%2Fwp%2Fv2%2Ftags&post=180472"}],"curies":[{"name":"wp","href":"https:\/\/api.w.org\/{rel}","templated":true}]}}