{"id":180466,"date":"2019-08-05T16:22:45","date_gmt":"2019-08-05T14:22:45","guid":{"rendered":"http:\/\/www.fuldaer-nachrichten.de\/?p=180466"},"modified":"2019-08-17T16:23:26","modified_gmt":"2019-08-17T14:23:26","slug":"sachsenhausen-gedenklauf-mit-beteiligung-von-schuelerinnen-und-schuelern-aus-lauterbach","status":"publish","type":"post","link":"https:\/\/www.fuldaernachrichten.de\/?p=180466","title":{"rendered":"Sachsenhausen-Gedenklauf mit Beteiligung von Sch\u00fclerinnen und Sch\u00fclern aus Lauterbach"},"content":{"rendered":"<p>\u201eWer hier an diesem historischen Ort an den Start geht, legt ein Bekenntnis ab.\u201c Landrat Ludger Weskamp vom Kreis Oberhavel wei\u00df, wovon er spricht, denn allj\u00e4hrlich findet in Oranienburg seit 1964 der Sachsenhausen-Gedenklauf statt, ein Lauf, der Erinnerung an die Menschen gewidmet, die w\u00e4hrend des Nationalsozialismus im Konzentrationslager Sachsenhausen litten und ihr Leben lie\u00dfen. Ein Lauf, der heute vielleicht mehr denn je f\u00fcr Weltoffenheit und Toleranz steht und der einmal in Jahr Jugendliche aus Ost und West zusammenf\u00fchrt.<!--more--><\/p>\n<p>Bereits zum achten Mal nahmen in diesem Jahr Jugendliche aus Lauterbach an dem Lauf und dem Rahmenprogramm teil; die Alexander-von-Humboldt-Schule schickt seit 2012 regelm\u00e4\u00dfig eine sportliche Abordnung an die Oberhavel, dem Partnerkreis des Vogelsberges. Organisiert von Oliver Stoy, Fachlehrer f\u00fcr Politik und Wirtschaft und langj\u00e4hriger Koordinator des Schulnetzwerks \u201eSchule ohne Rassismus \u2013 Schule mit Courage\u201c, bietet die f\u00fcnft\u00e4gige Fahrt neben der sportlichen Bet\u00e4tigung die Auseinandersetzung mit der Verfolgung und Ermordung von Menschen in der Nazizeit sowie einen Austausch junger Menschen, die sich vor Ort treffen. Auf dem Programm dieser Fahrt in den Osten Deutschlands steht daher neben kulturellen Angeboten regelm\u00e4\u00dfig ein Besuch der Gedenkst\u00e4tte Sachsenhausen. Unfassbare Gr\u00e4ueltaten offenbarten sich den Sch\u00fclerinnen und Sch\u00fclern an diesem Ort, den Baracken, Gef\u00e4ngniszellen und dem Appellplatz des ersten Konzentrationslagers auf deutschem Boden, in dem in der Nazizeit zigtausend Menschen interniert waren und ermordet wurden. \u201eDie Auswirkungen von Faschismus und Rassenhass treten an einem solchen Ort deutlich zu Tage\u201c, so Oliver Stoy zur Bedeutung dieses Besuchs. Und da eine Auseinandersetzung mit der Geschichte explizit erw\u00fcnscht ist, findet vor dem Hauptlauf auch stets eine Kranzniederlegung an der Gedenkst\u00e4tte statt.<\/p>\n<p>Dennoch stehen auch Sport, Spa\u00df und Begegnung im Zentrum der Fahrt. So entdeckten die Sch\u00fclerinnen und Sch\u00fcler die Bundeshauptstadt per Fahrrad und konnten auch ausgiebig shoppen und Gro\u00dfstadtluft schnuppern. Dar\u00fcber hinaus sind der Austausch und das Miteinander der Menschen, die sich hier treffen, insbesondere der Jugendlichen aus verschiedenen Nationen ist ein tragendes Element des Laufs. Die Sch\u00fclerinnen und Sch\u00fcler des Lauterbacher Gymnasiums treffen hier regelm\u00e4\u00dfig Gleichaltrige aus den polnischen Gemeinden Biala-Podlaska und Siedlce, die sich mit Hilfe von Sprachanimateuren verst\u00e4ndigen. Das macht viel Spa\u00df und zeigt, dass es f\u00fcr ein respektvolles Miteinander gar nicht so sehr auf die Sprache ankommt.<\/p>\n<p>Und weil es dann aber doch auch noch um Sport ging, bildeten sich f\u00fcr den Lauf multinationale Teams. Die Vogelsberger und ihre polnischen Team-Kollegen brillierten dabei mit einer herausragenden Leistung. Honoriert wurde diese mit einer Medaille, die Brandenburgs Innenminister Karl-Heinz Schr\u00f6ter den erfolgreichen L\u00e4ufern pers\u00f6nlich umh\u00e4ngte. \u201eDie Verbindung von Sport und Begegnung zusammen mit der Sch\u00e4rfung des historischen und somit auch des politischen Bewusstsein ist ein gro\u00dfer Aspekt dieses Laufs\u201c, betont Oliver Stoy am Ende der Fahrt, die auch im n\u00e4chsten Jahr wieder von Partnerkreis zu Partnerkreis stattfinden soll.<\/p>\n","protected":false},"excerpt":{"rendered":"<div class=\"tmnf_excerpt\"><p>\u201eWer hier an diesem historischen Ort an den Start geht, legt ein Bekenntnis ab.\u201c Landrat Ludger Weskamp vom Kreis Oberhavel wei\u00df, wovon er spricht, denn allj\u00e4hrlich findet in Oranienburg seit 1964 der Sachsenhausen-Gedenklauf statt, ein Lauf, der Erinnerung an die Menschen gewidmet, die w\u00e4hrend des Nationalsozialismus im Konzentrationslager Sachsenhausen litten und ihr Leben lie\u00dfen. Ein &hellip;<\/p>\n<\/div>","protected":false},"author":1,"featured_media":180467,"comment_status":"closed","ping_status":"closed","sticky":false,"template":"","format":"standard","meta":{"footnotes":""},"categories":[1],"tags":[],"class_list":["post-180466","post","type-post","status-publish","format-standard","has-post-thumbnail","hentry","category-startseite"],"_links":{"self":[{"href":"https:\/\/www.fuldaernachrichten.de\/index.php?rest_route=\/wp\/v2\/posts\/180466","targetHints":{"allow":["GET"]}}],"collection":[{"href":"https:\/\/www.fuldaernachrichten.de\/index.php?rest_route=\/wp\/v2\/posts"}],"about":[{"href":"https:\/\/www.fuldaernachrichten.de\/index.php?rest_route=\/wp\/v2\/types\/post"}],"author":[{"embeddable":true,"href":"https:\/\/www.fuldaernachrichten.de\/index.php?rest_route=\/wp\/v2\/users\/1"}],"replies":[{"embeddable":true,"href":"https:\/\/www.fuldaernachrichten.de\/index.php?rest_route=%2Fwp%2Fv2%2Fcomments&post=180466"}],"version-history":[{"count":1,"href":"https:\/\/www.fuldaernachrichten.de\/index.php?rest_route=\/wp\/v2\/posts\/180466\/revisions"}],"predecessor-version":[{"id":180468,"href":"https:\/\/www.fuldaernachrichten.de\/index.php?rest_route=\/wp\/v2\/posts\/180466\/revisions\/180468"}],"wp:featuredmedia":[{"embeddable":true,"href":"https:\/\/www.fuldaernachrichten.de\/index.php?rest_route=\/wp\/v2\/media\/180467"}],"wp:attachment":[{"href":"https:\/\/www.fuldaernachrichten.de\/index.php?rest_route=%2Fwp%2Fv2%2Fmedia&parent=180466"}],"wp:term":[{"taxonomy":"category","embeddable":true,"href":"https:\/\/www.fuldaernachrichten.de\/index.php?rest_route=%2Fwp%2Fv2%2Fcategories&post=180466"},{"taxonomy":"post_tag","embeddable":true,"href":"https:\/\/www.fuldaernachrichten.de\/index.php?rest_route=%2Fwp%2Fv2%2Ftags&post=180466"}],"curies":[{"name":"wp","href":"https:\/\/api.w.org\/{rel}","templated":true}]}}