{"id":180450,"date":"2019-08-06T16:10:53","date_gmt":"2019-08-06T14:10:53","guid":{"rendered":"http:\/\/www.fuldaer-nachrichten.de\/?p=180450"},"modified":"2019-08-17T16:11:53","modified_gmt":"2019-08-17T14:11:53","slug":"akademie-laedt-zum-2-frauenmahl-ein-oekumenisch-und-nur-fuer-frauen","status":"publish","type":"post","link":"https:\/\/www.fuldaernachrichten.de\/?p=180450","title":{"rendered":"Akademie l\u00e4dt zum 2. Frauenmahl ein: \u00d6kumenisch und nur f\u00fcr Frauen"},"content":{"rendered":"<p>Nach dem gro\u00dfen Erfolg im vergangenen Jahr l\u00e4dt die Evangelische Akademie Hofgeismar zusammen mit Vertreterinnen des Katholischen Dekanats Kassel-Hofgeismar f\u00fcr Samstag, 21. September, zum 2. \u00d6kumenischen Frauenmahl in den Synodalsaal am Gesundbrunnen ein. Unter dem Titel \u201eungleichzeitig\u201c werden prominente Rednerinnen aus der Politik, Justiz, islamischen Theologie und den Kirchen auf Verschiebungen in der Gesellschaft hinweisen. Auch die Bewegung Maria 2.0 wird von einer der Mitinitiatorinnen aus M\u00fcnster vorgestellt. Diese Impulse f\u00fcr weitere Tischgespr\u00e4che und den pers\u00f6nlichen Austausch werden begleitet von der Berliner Saxophonistin Bettina Matt. Dazu wird ein mehrg\u00e4ngiges Men\u00fc serviert. Das Frauenmahl beginnt um 17.30 Uhr und endet um 21.30 Uhr. Die Teilnahme kostet inkl. Essen und Getr\u00e4nke 50 Euro.  Auf Wunsch kann gegen einen Aufpreis von 35 Euro (EZ mit Fr\u00fchst\u00fcck) in der Tagungsst\u00e4tte \u00fcbernachtet werden.<br \/>\nAnmeldungen bis 6. September bei der Evangelischen Akademie Hofgeismar, Tel. 05671\/881-100, und unter <a href=\"http:\/\/www.akademie-hofgeismar.de\" rel=\"noopener noreferrer\" target=\"_blank\">www.akademie-hofgeismar.de<\/a>; ev.akademie.hofgeismar@ekkw.de<\/p>\n","protected":false},"excerpt":{"rendered":"<div class=\"tmnf_excerpt\"><p>Nach dem gro\u00dfen Erfolg im vergangenen Jahr l\u00e4dt die Evangelische Akademie Hofgeismar zusammen mit Vertreterinnen des Katholischen Dekanats Kassel-Hofgeismar f\u00fcr Samstag, 21. September, zum 2. \u00d6kumenischen Frauenmahl in den Synodalsaal am Gesundbrunnen ein. Unter dem Titel \u201eungleichzeitig\u201c werden prominente Rednerinnen aus der Politik, Justiz, islamischen Theologie und den Kirchen auf Verschiebungen in der Gesellschaft hinweisen. &hellip;<\/p>\n<\/div>","protected":false},"author":1,"featured_media":0,"comment_status":"closed","ping_status":"closed","sticky":false,"template":"","format":"standard","meta":{"footnotes":""},"categories":[1],"tags":[],"class_list":["post-180450","post","type-post","status-publish","format-standard","hentry","category-startseite"],"_links":{"self":[{"href":"https:\/\/www.fuldaernachrichten.de\/index.php?rest_route=\/wp\/v2\/posts\/180450","targetHints":{"allow":["GET"]}}],"collection":[{"href":"https:\/\/www.fuldaernachrichten.de\/index.php?rest_route=\/wp\/v2\/posts"}],"about":[{"href":"https:\/\/www.fuldaernachrichten.de\/index.php?rest_route=\/wp\/v2\/types\/post"}],"author":[{"embeddable":true,"href":"https:\/\/www.fuldaernachrichten.de\/index.php?rest_route=\/wp\/v2\/users\/1"}],"replies":[{"embeddable":true,"href":"https:\/\/www.fuldaernachrichten.de\/index.php?rest_route=%2Fwp%2Fv2%2Fcomments&post=180450"}],"version-history":[{"count":1,"href":"https:\/\/www.fuldaernachrichten.de\/index.php?rest_route=\/wp\/v2\/posts\/180450\/revisions"}],"predecessor-version":[{"id":180451,"href":"https:\/\/www.fuldaernachrichten.de\/index.php?rest_route=\/wp\/v2\/posts\/180450\/revisions\/180451"}],"wp:attachment":[{"href":"https:\/\/www.fuldaernachrichten.de\/index.php?rest_route=%2Fwp%2Fv2%2Fmedia&parent=180450"}],"wp:term":[{"taxonomy":"category","embeddable":true,"href":"https:\/\/www.fuldaernachrichten.de\/index.php?rest_route=%2Fwp%2Fv2%2Fcategories&post=180450"},{"taxonomy":"post_tag","embeddable":true,"href":"https:\/\/www.fuldaernachrichten.de\/index.php?rest_route=%2Fwp%2Fv2%2Ftags&post=180450"}],"curies":[{"name":"wp","href":"https:\/\/api.w.org\/{rel}","templated":true}]}}