{"id":180224,"date":"2019-06-04T10:33:54","date_gmt":"2019-06-04T08:33:54","guid":{"rendered":"http:\/\/www.fuldaer-nachrichten.de\/?p=180224"},"modified":"2019-06-04T10:33:55","modified_gmt":"2019-06-04T08:33:55","slug":"bischof-dr-michael-gerber-empfing-polnische-caritas-gaeste-die-als-kinder-und-jugendliche-verfolgung-und-leid-durch-ns-deutschland-erfahren-haben","status":"publish","type":"post","link":"https:\/\/www.fuldaernachrichten.de\/?p=180224","title":{"rendered":"Bischof Dr. Michael Gerber empfing polnische Caritas-G\u00e4ste, die als Kinder und Jugendliche Verfolgung und Leid durch NS-Deutschland erfahren haben"},"content":{"rendered":"\n<p>In Begleitung von Di\u00f6zesan-Caritasdirektor Dr. Markus Juch und dem Aufsichtsratsvorsitzenden des Caritasverbandes, Msgr. Elmar Gurk, wurde eine Gruppe polnischer Senioren durch Bischof Dr. Michael Gerber empfangen: Die G\u00e4ste kommen aus Nord- und Ostpolen und halten sich im Rahmen eines Programms des Maximilian-Kolbe-Werks zur deutsch-polnischen Auss\u00f6hnung in Hessen auf. Gastgeber in der Region Fulda ist der Di\u00f6zesan-Caritasverband; die Senioren aus dem \u00f6stlichen Nachbarland sind w\u00e4hrend ihres Aufenthalts im Bonifatiuskloster in H\u00fcnfeld untergebracht.<\/p>\n\n\n\n<p>Alle Reiseteilnehmer hatten als Kinder mit ihren Familien Gewalt und Gefangenschaft erlitten. Einer der polnischen M\u00e4nner in der Gruppe war sogar auf dem Weg seiner Familie ins Gefangenenlager geboren worden. Eine Frau berichtete, dass sie ihren Vater nie kennengelernt habe; sie habe von ihm nur eine Abschiedspostkarte, die er wohl aus dem Zug geworfen hatte, und welche der Familie durch einen Finder zugestellt worden war.<\/p>\n\n\n\n<p>Bischof Gerber zeigte sich tief beeindruckt von den Berichten der polnischen G\u00e4ste und betonte seinen Respekt daf\u00fcr, dass sie bereit waren, diese Erinnerungen wachzuhalten und immer wieder zu teilen. Es sei wichtig, dass in der Schule im Unterricht diese \u00c4ra zu betrachten, in der noch Krieg und Gewalt in Europa herrschte. Doch viel wichtiger sei es, dass junge Leute mit Menschen in Kontakt k\u00e4men, die ihnen als Zeitzeugen authentisch berichten k\u00f6nnten.<\/p>\n\n\n\n<p>Caritasdirektor Juch betonte die gro\u00dfe Pflicht der Bistums-Caritas daf\u00fcr, dass solche Begegnungen zwischen den Zeitzeugen und der jungen Generation m\u00f6glich gemacht werden: \u201eWir haben bereits seit gut 30 Jahren j\u00e4hrlich polnische G\u00e4ste hier. Durch Begegnungen mit den Menschen hier aus der Region hoffen wir zu gegenseitigem Verst\u00e4ndnis und vor allem zur endg\u00fcltigen \u00dcberwindung der dunklen Vergangenheit zwischen den beiden Nachbarl\u00e4ndern beitragen zu k\u00f6nnen!\u201c&nbsp;<\/p>\n\n\n\n<p>Mit herzlichem Dank f\u00fcr den Besuch entlie\u00df Bischof Gerber die G\u00e4ste einschlie\u00dflich ihrer beiden Betreuerinnen, Caritas-Mitarbeiterin Monika Klug und Lisa Paduch vom Maximilian-Kolbe-Werk, zu einer Dombesichtigung und zu einem Treffen mit Caritas-Altenpflegesch\u00fclerinnen und -sch\u00fclern, denen sie in einem ersten Zeitzeugengespr\u00e4ch von ihren Erfahrungen aus der NS-Zeit berichten und Fragen beantworten wollten.&nbsp;<\/p>\n","protected":false},"excerpt":{"rendered":"<div class=\"tmnf_excerpt\"><p>In Begleitung von Di\u00f6zesan-Caritasdirektor Dr. Markus Juch und dem Aufsichtsratsvorsitzenden des Caritasverbandes, Msgr. Elmar Gurk, wurde eine Gruppe polnischer Senioren durch Bischof Dr. Michael Gerber empfangen: Die G\u00e4ste kommen aus Nord- und Ostpolen und halten sich im Rahmen eines Programms des Maximilian-Kolbe-Werks zur deutsch-polnischen Auss\u00f6hnung in Hessen auf. Gastgeber in der Region Fulda ist der &hellip;<\/p>\n<\/div>","protected":false},"author":1,"featured_media":180225,"comment_status":"closed","ping_status":"closed","sticky":false,"template":"","format":"standard","meta":{"footnotes":""},"categories":[1],"tags":[],"class_list":["post-180224","post","type-post","status-publish","format-standard","has-post-thumbnail","hentry","category-startseite"],"_links":{"self":[{"href":"https:\/\/www.fuldaernachrichten.de\/index.php?rest_route=\/wp\/v2\/posts\/180224","targetHints":{"allow":["GET"]}}],"collection":[{"href":"https:\/\/www.fuldaernachrichten.de\/index.php?rest_route=\/wp\/v2\/posts"}],"about":[{"href":"https:\/\/www.fuldaernachrichten.de\/index.php?rest_route=\/wp\/v2\/types\/post"}],"author":[{"embeddable":true,"href":"https:\/\/www.fuldaernachrichten.de\/index.php?rest_route=\/wp\/v2\/users\/1"}],"replies":[{"embeddable":true,"href":"https:\/\/www.fuldaernachrichten.de\/index.php?rest_route=%2Fwp%2Fv2%2Fcomments&post=180224"}],"version-history":[{"count":1,"href":"https:\/\/www.fuldaernachrichten.de\/index.php?rest_route=\/wp\/v2\/posts\/180224\/revisions"}],"predecessor-version":[{"id":180226,"href":"https:\/\/www.fuldaernachrichten.de\/index.php?rest_route=\/wp\/v2\/posts\/180224\/revisions\/180226"}],"wp:featuredmedia":[{"embeddable":true,"href":"https:\/\/www.fuldaernachrichten.de\/index.php?rest_route=\/wp\/v2\/media\/180225"}],"wp:attachment":[{"href":"https:\/\/www.fuldaernachrichten.de\/index.php?rest_route=%2Fwp%2Fv2%2Fmedia&parent=180224"}],"wp:term":[{"taxonomy":"category","embeddable":true,"href":"https:\/\/www.fuldaernachrichten.de\/index.php?rest_route=%2Fwp%2Fv2%2Fcategories&post=180224"},{"taxonomy":"post_tag","embeddable":true,"href":"https:\/\/www.fuldaernachrichten.de\/index.php?rest_route=%2Fwp%2Fv2%2Ftags&post=180224"}],"curies":[{"name":"wp","href":"https:\/\/api.w.org\/{rel}","templated":true}]}}