{"id":180167,"date":"2019-05-16T08:27:09","date_gmt":"2019-05-16T06:27:09","guid":{"rendered":"http:\/\/www.fuldaer-nachrichten.de\/?p=180167"},"modified":"2019-05-16T08:27:10","modified_gmt":"2019-05-16T06:27:10","slug":"seniorenfahrt-nach-bad-wildungen-und-zum-edersee-2","status":"publish","type":"post","link":"https:\/\/www.fuldaernachrichten.de\/?p=180167","title":{"rendered":"Seniorenfahrt nach Bad Wildungen und zum Edersee"},"content":{"rendered":"\n<p>Die Stadt Fulda bietet fu\u00cc\u02c6r ihre \u00e4lteren Mitbu\u00cc\u02c6rgerinnen und Mitbu\u00cc\u02c6rger im Mai eine Tagesfahrt zum Edersee. Zun\u00e4chst fahren wir nach Bad Wildungen, wo wir die historische Altstadt besichtigen. Entdecken Sie enge, mittelalterliche G\u00e4sschen, trutzige Stadtmauern mit Wehrtu\u00cc\u02c6rmen, stattliches Fachwerk mit kunstvollen Schnitzereien und aufw\u00e4ndig verzierten Haustu\u00cc\u02c6ren. Ein H\u00f6hepunkt ist die m\u00e4chtige gotische Stadtkirche mit dem beru\u00cc\u02c6hmten Flu\u00cc\u02c6gelaltar des Conrad von Soest. Interessierte haben die Gelegenheit an einer Fu\u00cc\u02c6hrung (3 Euro) teilzunehmen.<br>\nNach einer Mittagspause fahren wir zum Edersee, wo wir bei einer Schifffahrt Kaffee und Kuchen genie\u00dfen.<br>\nDie Fahrten starten am Dienstag, dem 4., Mittwoch, dem 5. und Donnerstag, dem 6. Juni jeweils um 8.30 Uhr vor dem Schlosstheater.<br>\nIm Fahrpreis von 20 Euro sind die Fahrt, die Schifffahrt und Kaffee und Kuchen auf dem Schiff enthalten. Karten erhalten Sie ab Dienstag, 21. Mai, im Bu\u00cc\u02c6rgerbu\u00cc\u02c6ro im Stadtschloss.<\/p>\n","protected":false},"excerpt":{"rendered":"<div class=\"tmnf_excerpt\"><p>Die Stadt Fulda bietet fu\u00cc\u02c6r ihre \u00e4lteren Mitbu\u00cc\u02c6rgerinnen und Mitbu\u00cc\u02c6rger im Mai eine Tagesfahrt zum Edersee. Zun\u00e4chst fahren wir nach Bad Wildungen, wo wir die historische Altstadt besichtigen. Entdecken Sie enge, mittelalterliche G\u00e4sschen, trutzige Stadtmauern mit Wehrtu\u00cc\u02c6rmen, stattliches Fachwerk mit kunstvollen Schnitzereien und aufw\u00e4ndig verzierten Haustu\u00cc\u02c6ren. Ein H\u00f6hepunkt ist die m\u00e4chtige gotische Stadtkirche mit dem &hellip;<\/p>\n<\/div>","protected":false},"author":1,"featured_media":0,"comment_status":"closed","ping_status":"closed","sticky":false,"template":"","format":"standard","meta":{"footnotes":""},"categories":[1],"tags":[],"class_list":["post-180167","post","type-post","status-publish","format-standard","hentry","category-startseite"],"_links":{"self":[{"href":"https:\/\/www.fuldaernachrichten.de\/index.php?rest_route=\/wp\/v2\/posts\/180167","targetHints":{"allow":["GET"]}}],"collection":[{"href":"https:\/\/www.fuldaernachrichten.de\/index.php?rest_route=\/wp\/v2\/posts"}],"about":[{"href":"https:\/\/www.fuldaernachrichten.de\/index.php?rest_route=\/wp\/v2\/types\/post"}],"author":[{"embeddable":true,"href":"https:\/\/www.fuldaernachrichten.de\/index.php?rest_route=\/wp\/v2\/users\/1"}],"replies":[{"embeddable":true,"href":"https:\/\/www.fuldaernachrichten.de\/index.php?rest_route=%2Fwp%2Fv2%2Fcomments&post=180167"}],"version-history":[{"count":1,"href":"https:\/\/www.fuldaernachrichten.de\/index.php?rest_route=\/wp\/v2\/posts\/180167\/revisions"}],"predecessor-version":[{"id":180168,"href":"https:\/\/www.fuldaernachrichten.de\/index.php?rest_route=\/wp\/v2\/posts\/180167\/revisions\/180168"}],"wp:attachment":[{"href":"https:\/\/www.fuldaernachrichten.de\/index.php?rest_route=%2Fwp%2Fv2%2Fmedia&parent=180167"}],"wp:term":[{"taxonomy":"category","embeddable":true,"href":"https:\/\/www.fuldaernachrichten.de\/index.php?rest_route=%2Fwp%2Fv2%2Fcategories&post=180167"},{"taxonomy":"post_tag","embeddable":true,"href":"https:\/\/www.fuldaernachrichten.de\/index.php?rest_route=%2Fwp%2Fv2%2Ftags&post=180167"}],"curies":[{"name":"wp","href":"https:\/\/api.w.org\/{rel}","templated":true}]}}