{"id":180150,"date":"2019-05-16T08:19:59","date_gmt":"2019-05-16T06:19:59","guid":{"rendered":"http:\/\/www.fuldaer-nachrichten.de\/?p=180150"},"modified":"2019-05-16T08:20:00","modified_gmt":"2019-05-16T06:20:00","slug":"strategien-fuer-die-arbeit-mit-ehrenamtlichen-runder-tisch-ehrenamt-trifft-sich","status":"publish","type":"post","link":"https:\/\/www.fuldaernachrichten.de\/?p=180150","title":{"rendered":"Strategien f\u00fcr die Arbeit mit Ehrenamtlichen &#8211; \u201eRunder Tisch Ehrenamt\u201c trifft sich"},"content":{"rendered":"\n<p>Der \u201eRunde Tisch Ehrenamt\u201c f\u00fcr Stadt und Landkreis Fulda trifft zu seinem n\u00e4chsten Termin am Donnerstag, 23. Mai, um 18.30 im VHS-Geb\u00e4ude des Landkreises Fulda (Georg-Stieler-Haus), Gallasiniring 1, 36043 Fulda, Raum E08\/09.  <\/p>\n\n\n\n<p>Geplant ist ein Austausch zu den Aufgaben in der Freiwilligen Koordination. Die Rahmenbedingungen \u2013 n\u00e4mlich die Fragen: wie gewinne, begleite und verabschiede ich Ehrenamtliche? &#8211; werden zun\u00e4chst in einem Input beleuchtet und anschlie\u00dfend in einem World Caf\u00e9 gemeinsam erarbeitet. Als Referentin steht uns Ann-Katrin Michel (Freiwilligen-Managerin) zur Verf\u00fcgung. Alle Vertreter von Vereinen und Verb\u00e4nden sowie alle im Ehrenamt t\u00e4tigen Interessierten sind herzlich eingeladen.<\/p>\n","protected":false},"excerpt":{"rendered":"<div class=\"tmnf_excerpt\"><p>Der \u201eRunde Tisch Ehrenamt\u201c f\u00fcr Stadt und Landkreis Fulda trifft zu seinem n\u00e4chsten Termin am Donnerstag, 23. Mai, um 18.30 im VHS-Geb\u00e4ude des Landkreises Fulda (Georg-Stieler-Haus), Gallasiniring 1, 36043 Fulda, Raum E08\/09. Geplant ist ein Austausch zu den Aufgaben in der Freiwilligen Koordination. Die Rahmenbedingungen \u2013 n\u00e4mlich die Fragen: wie gewinne, begleite und verabschiede ich &hellip;<\/p>\n<\/div>","protected":false},"author":1,"featured_media":0,"comment_status":"closed","ping_status":"closed","sticky":false,"template":"","format":"standard","meta":{"footnotes":""},"categories":[1],"tags":[],"class_list":["post-180150","post","type-post","status-publish","format-standard","hentry","category-startseite"],"_links":{"self":[{"href":"https:\/\/www.fuldaernachrichten.de\/index.php?rest_route=\/wp\/v2\/posts\/180150","targetHints":{"allow":["GET"]}}],"collection":[{"href":"https:\/\/www.fuldaernachrichten.de\/index.php?rest_route=\/wp\/v2\/posts"}],"about":[{"href":"https:\/\/www.fuldaernachrichten.de\/index.php?rest_route=\/wp\/v2\/types\/post"}],"author":[{"embeddable":true,"href":"https:\/\/www.fuldaernachrichten.de\/index.php?rest_route=\/wp\/v2\/users\/1"}],"replies":[{"embeddable":true,"href":"https:\/\/www.fuldaernachrichten.de\/index.php?rest_route=%2Fwp%2Fv2%2Fcomments&post=180150"}],"version-history":[{"count":1,"href":"https:\/\/www.fuldaernachrichten.de\/index.php?rest_route=\/wp\/v2\/posts\/180150\/revisions"}],"predecessor-version":[{"id":180151,"href":"https:\/\/www.fuldaernachrichten.de\/index.php?rest_route=\/wp\/v2\/posts\/180150\/revisions\/180151"}],"wp:attachment":[{"href":"https:\/\/www.fuldaernachrichten.de\/index.php?rest_route=%2Fwp%2Fv2%2Fmedia&parent=180150"}],"wp:term":[{"taxonomy":"category","embeddable":true,"href":"https:\/\/www.fuldaernachrichten.de\/index.php?rest_route=%2Fwp%2Fv2%2Fcategories&post=180150"},{"taxonomy":"post_tag","embeddable":true,"href":"https:\/\/www.fuldaernachrichten.de\/index.php?rest_route=%2Fwp%2Fv2%2Ftags&post=180150"}],"curies":[{"name":"wp","href":"https:\/\/api.w.org\/{rel}","templated":true}]}}